{"id":184,"date":"2025-02-11T11:30:11","date_gmt":"2025-02-11T10:30:11","guid":{"rendered":"https:\/\/www.carrefour-de-femmes.org\/?p=184"},"modified":"2025-03-07T16:36:58","modified_gmt":"2025-03-07T15:36:58","slug":"visita-ministerial","status":"publish","type":"post","link":"https:\/\/www.carrefour-de-femmes.org\/es\/actualites\/visite-ministrerielle\/","title":{"rendered":"Visita ministerial: fuerte apoyo a las acciones en favor de la mujer"},"content":{"rendered":"<p><\/p>\n\n\n\n<p>El lunes 13 de enero se inaugur\u00f3 en Creil el Centro de Salud de la Mujer del GHPSO, en presencia de <strong>Sra. Aurore Berg\u00e9<\/strong>Ministra de Igualdad entre Mujeres y Hombres. Fue un momento importante para nuestra regi\u00f3n, que supuso un gran paso adelante en el apoyo a las mujeres.<\/p>\n\n\n\n<p>En este acto, <strong>Jean-Claude Villemain, Presidente de ACSO<\/strong>El acto, celebrado en la capital francesa, puso de relieve las iniciativas locales de fomento de la igualdad y lucha contra la discriminaci\u00f3n. Fue una oportunidad ideal para presentar nuestro <strong>Encrucijada de mujeres<\/strong>inaugurado el pasado mes de octubre. Este lugar de acogida y ayuda mutua dedicado a las mujeres ha suscitado un gran inter\u00e9s, reforzando el reconocimiento de nuestro compromiso.<\/p>\n\n\n\n<p>Esta visita ministerial demuestra el apoyo prestado a los dispositivos de apoyo a las mujeres y la din\u00e1mica local en favor de la igualdad. En <strong>Encrucijada de mujeres<\/strong>Estamos decididos a continuar nuestra misi\u00f3n, ofreciendo un lugar donde escuchar, intercambiar ideas y prestar apoyo a todos aquellos que lo necesiten.<\/p>\n\n\n\n<div class=\"wp-block-uagb-image uagb-block-b02288da wp-block-uagb-image--layout-default wp-block-uagb-image--effect-static wp-block-uagb-image--align-none\"><figure class=\"wp-block-uagb-image__figure\"><img decoding=\"async\" srcset=\"https:\/\/www.carrefour-de-femmes.org\/app\/uploads\/2025\/02\/481243902_566894493073013_6237705199386875004_n-1536x1536.jpg-1-1024x1024.webp ,https:\/\/www.carrefour-de-femmes.org\/app\/uploads\/2025\/02\/481243902_566894493073013_6237705199386875004_n-1536x1536.jpg-1.webp 780w, https:\/\/www.carrefour-de-femmes.org\/app\/uploads\/2025\/02\/481243902_566894493073013_6237705199386875004_n-1536x1536.jpg-1.webp 360w\" sizes=\"auto, (max-width: 480px) 150px\" src=\"https:\/\/www.carrefour-de-femmes.org\/app\/uploads\/2025\/02\/481243902_566894493073013_6237705199386875004_n-1536x1536.jpg-1-1024x1024.webp\" alt=\"\" class=\"uag-image-1233\" width=\"465\" height=\"391\" title=\"481243902_566894493073013_6237705199386875004_n-1536x1536.jpg\" loading=\"lazy\" role=\"img\"\/><\/figure><\/div>\n\n\n\n<figure class=\"wp-block-gallery has-nested-images columns-default is-cropped wp-block-gallery-1 is-layout-flex wp-block-gallery-is-layout-flex\">\n<figure class=\"wp-block-image size-large\"><img loading=\"lazy\" decoding=\"async\" width=\"1024\" height=\"576\" data-id=\"1134\" src=\"https:\/\/www.carrefour-de-femmes.org\/app\/uploads\/2025\/02\/Djeynaba-1024x576.jpg\" alt=\"\" class=\"wp-image-1134\" srcset=\"https:\/\/www.carrefour-de-femmes.org\/app\/uploads\/2025\/02\/Djeynaba-1024x576.jpg 1024w, https:\/\/www.carrefour-de-femmes.org\/app\/uploads\/2025\/02\/Djeynaba-300x169.jpg 300w, https:\/\/www.carrefour-de-femmes.org\/app\/uploads\/2025\/02\/Djeynaba-768x432.jpg 768w, https:\/\/www.carrefour-de-femmes.org\/app\/uploads\/2025\/02\/Djeynaba-1536x864.jpg 1536w, https:\/\/www.carrefour-de-femmes.org\/app\/uploads\/2025\/02\/Djeynaba-18x10.jpg 18w, https:\/\/www.carrefour-de-femmes.org\/app\/uploads\/2025\/02\/Djeynaba.jpg 1600w\" sizes=\"auto, (max-width: 1024px) 100vw, 1024px\" \/><\/figure>\n\n\n\n<figure class=\"wp-block-image size-large\"><img loading=\"lazy\" decoding=\"async\" width=\"1024\" height=\"575\" data-id=\"1133\" src=\"https:\/\/www.carrefour-de-femmes.org\/app\/uploads\/2025\/02\/aurore-berger-carrefour-de-femmes-1024x575.jpeg\" alt=\"\" class=\"wp-image-1133\" srcset=\"https:\/\/www.carrefour-de-femmes.org\/app\/uploads\/2025\/02\/aurore-berger-carrefour-de-femmes-1024x575.jpeg 1024w, https:\/\/www.carrefour-de-femmes.org\/app\/uploads\/2025\/02\/aurore-berger-carrefour-de-femmes-300x169.jpeg 300w, https:\/\/www.carrefour-de-femmes.org\/app\/uploads\/2025\/02\/aurore-berger-carrefour-de-femmes-768x431.jpeg 768w, https:\/\/www.carrefour-de-femmes.org\/app\/uploads\/2025\/02\/aurore-berger-carrefour-de-femmes-18x10.jpeg 18w, https:\/\/www.carrefour-de-femmes.org\/app\/uploads\/2025\/02\/aurore-berger-carrefour-de-femmes.jpeg 1351w\" sizes=\"auto, (max-width: 1024px) 100vw, 1024px\" \/><\/figure>\n\n\n\n<figure class=\"wp-block-image size-large\"><img loading=\"lazy\" decoding=\"async\" width=\"1024\" height=\"768\" data-id=\"1132\" src=\"https:\/\/www.carrefour-de-femmes.org\/app\/uploads\/2025\/02\/aurore-berger-cdf.jpg\" alt=\"\" class=\"wp-image-1132\" srcset=\"https:\/\/www.carrefour-de-femmes.org\/app\/uploads\/2025\/02\/aurore-berger-cdf.jpg 1024w, https:\/\/www.carrefour-de-femmes.org\/app\/uploads\/2025\/02\/aurore-berger-cdf-300x225.jpg 300w, https:\/\/www.carrefour-de-femmes.org\/app\/uploads\/2025\/02\/aurore-berger-cdf-768x576.jpg 768w, https:\/\/www.carrefour-de-femmes.org\/app\/uploads\/2025\/02\/aurore-berger-cdf-16x12.jpg 16w\" sizes=\"auto, (max-width: 1024px) 100vw, 1024px\" \/><\/figure>\n<\/figure>","protected":false},"excerpt":{"rendered":"<p>Esta visita ministerial demuestra el apoyo prestado a los programas de apoyo a las mujeres y la din\u00e1mica local en favor de la igualdad.<\/p>","protected":false},"author":1,"featured_media":825,"comment_status":"closed","ping_status":"closed","sticky":false,"template":"","format":"standard","meta":{"_acf_changed":false,"_uag_custom_page_level_css":"","footnotes":""},"categories":[9],"tags":[],"class_list":["post-184","post","type-post","status-publish","format-standard","has-post-thumbnail","hentry","category-actualite"],"acf":[],"uagb_featured_image_src":{"full":["https:\/\/www.carrefour-de-femmes.org\/app\/uploads\/2025\/02\/481243902_566894493073013_6237705199386875004_n-1.jpg",1600,1599,false],"thumbnail":["https:\/\/www.carrefour-de-femmes.org\/app\/uploads\/2025\/02\/481243902_566894493073013_6237705199386875004_n-1-150x150.jpg",150,150,true],"medium":["https:\/\/www.carrefour-de-femmes.org\/app\/uploads\/2025\/02\/481243902_566894493073013_6237705199386875004_n-1-300x300.jpg",300,300,true],"medium_large":["https:\/\/www.carrefour-de-femmes.org\/app\/uploads\/2025\/02\/481243902_566894493073013_6237705199386875004_n-1-768x768.jpg",768,768,true],"large":["https:\/\/www.carrefour-de-femmes.org\/app\/uploads\/2025\/02\/481243902_566894493073013_6237705199386875004_n-1-1024x1024.jpg",1024,1024,true],"1536x1536":["https:\/\/www.carrefour-de-femmes.org\/app\/uploads\/2025\/02\/481243902_566894493073013_6237705199386875004_n-1-1536x1536.jpg",1536,1536,true],"2048x2048":["https:\/\/www.carrefour-de-femmes.org\/app\/uploads\/2025\/02\/481243902_566894493073013_6237705199386875004_n-1.jpg",1600,1599,false],"trp-custom-language-flag":["https:\/\/www.carrefour-de-femmes.org\/app\/uploads\/2025\/02\/481243902_566894493073013_6237705199386875004_n-1-12x12.jpg",12,12,true],"gform-image-choice-sm":["https:\/\/www.carrefour-de-femmes.org\/app\/uploads\/2025\/02\/481243902_566894493073013_6237705199386875004_n-1.jpg",300,300,false],"gform-image-choice-md":["https:\/\/www.carrefour-de-femmes.org\/app\/uploads\/2025\/02\/481243902_566894493073013_6237705199386875004_n-1.jpg",400,400,false],"gform-image-choice-lg":["https:\/\/www.carrefour-de-femmes.org\/app\/uploads\/2025\/02\/481243902_566894493073013_6237705199386875004_n-1.jpg",600,600,false]},"uagb_author_info":{"display_name":"mentalworks","author_link":"https:\/\/www.carrefour-de-femmes.org\/es\/actualites\/author\/mentalworks\/"},"uagb_comment_info":0,"uagb_excerpt":"Cette visite minist\u00e9rielle t\u00e9moigne du soutien apport\u00e9 aux dispositifs d\u2019accompagnement des femmes et de la dynamique locale en faveur de l\u2019\u00e9galit\u00e9.","_links":{"self":[{"href":"https:\/\/www.carrefour-de-femmes.org\/es\/wp-json\/wp\/v2\/posts\/184","targetHints":{"allow":["GET"]}}],"collection":[{"href":"https:\/\/www.carrefour-de-femmes.org\/es\/wp-json\/wp\/v2\/posts"}],"about":[{"href":"https:\/\/www.carrefour-de-femmes.org\/es\/wp-json\/wp\/v2\/types\/post"}],"author":[{"embeddable":true,"href":"https:\/\/www.carrefour-de-femmes.org\/es\/wp-json\/wp\/v2\/users\/1"}],"replies":[{"embeddable":true,"href":"https:\/\/www.carrefour-de-femmes.org\/es\/wp-json\/wp\/v2\/comments?post=184"}],"version-history":[{"count":12,"href":"https:\/\/www.carrefour-de-femmes.org\/es\/wp-json\/wp\/v2\/posts\/184\/revisions"}],"predecessor-version":[{"id":1235,"href":"https:\/\/www.carrefour-de-femmes.org\/es\/wp-json\/wp\/v2\/posts\/184\/revisions\/1235"}],"wp:featuredmedia":[{"embeddable":true,"href":"https:\/\/www.carrefour-de-femmes.org\/es\/wp-json\/wp\/v2\/media\/825"}],"wp:attachment":[{"href":"https:\/\/www.carrefour-de-femmes.org\/es\/wp-json\/wp\/v2\/media?parent=184"}],"wp:term":[{"taxonomy":"category","embeddable":true,"href":"https:\/\/www.carrefour-de-femmes.org\/es\/wp-json\/wp\/v2\/categories?post=184"},{"taxonomy":"post_tag","embeddable":true,"href":"https:\/\/www.carrefour-de-femmes.org\/es\/wp-json\/wp\/v2\/tags?post=184"}],"curies":[{"name":"wp","href":"https:\/\/api.w.org\/{rel}","templated":true}]}}