{"id":180,"date":"2025-02-11T11:21:56","date_gmt":"2025-02-11T10:21:56","guid":{"rendered":"https:\/\/www.carrefour-de-femmes.org\/?p=180"},"modified":"2025-03-07T16:36:29","modified_gmt":"2025-03-07T15:36:29","slug":"inauguracion-del-cdf","status":"publish","type":"post","link":"https:\/\/www.carrefour-de-femmes.org\/es\/actualites\/inauguration-cdf\/","title":{"rendered":"Inauguraci\u00f3n de los locales del Carrefour de Femmes"},"content":{"rendered":"<figure class=\"wp-block-embed is-type-video is-provider-youtube wp-block-embed-youtube wp-embed-aspect-16-9 wp-has-aspect-ratio\"><div class=\"wp-block-embed__wrapper\">\n<script>document.addEventListener('DOMContentLoaded', function() {(tarteaucitron.job = tarteaucitron.job || []).push('youtube');});<\/script><div class=\"youtube_player\" videoid=\"F3-Es0hvPxg\" width=\"100%\" height=\"100%\" style=\"height:50vw\" theme=\"light\" rel=\"0\" controls=\"1\" showinfo=\"1\" autoplay=\"0\"><\/div>\n<\/div><\/figure>\n\n\n\n<h3 class=\"wp-block-heading\">Una mirada retrospectiva a la inauguraci\u00f3n del Carrefour de Femmes<\/h3>\n\n\n\n<p>El mi\u00e9rcoles 16 de octubre tuvo lugar en la plaza Saint-M\u00e9dard un acontecimiento hist\u00f3rico: la inauguraci\u00f3n del Carrefour de Femmes. Bajo un sol radiante, este local c\u00e1lido e innovador abri\u00f3 sus puertas a las mujeres de la regi\u00f3n.<\/p>\n\n\n\n<p>El Carrefour de Femmes es un espacio \u00fanico, acogedor y solidario para todos: j\u00f3venes adolescentes, mujeres j\u00f3venes, madres y mujeres que buscan un lugar donde hablar y apoyarse. Aqu\u00ed es f\u00e1cil abrir la puerta de un empuj\u00f3n, crear un v\u00ednculo y generar confianza. Este espacio ha sido dise\u00f1ado por mujeres para mujeres, con el apoyo de profesionales locales y asociaciones colaboradoras, para ofrecer apoyo en una serie de cuestiones clave:<\/p>\n\n\n\n<ul class=\"wp-block-list\">\n<li><strong>Desarrollo personal<\/strong><\/li>\n\n\n\n<li><strong>Salud y sexualidad<\/strong><\/li>\n\n\n\n<li><strong>Independencia econ\u00f3mica<\/strong><\/li>\n\n\n\n<li><strong>Combatir la violencia contra las mujeres<\/strong><\/li>\n<\/ul>\n\n\n\n<h3 class=\"wp-block-heading\">Un acontecimiento hist\u00f3rico al que asistieron numerosas autoridades<\/h3>\n\n\n\n<p>La inauguraci\u00f3n tuvo lugar en presencia de numerosas personalidades comprometidas:<\/p>\n\n\n\n<ul class=\"wp-block-list\">\n<li>Jean-Claude Villemain, Alcalde de Creil y Presidente de la Communaut\u00e9 d'Agglom\u00e9ration Creil Sud Oise,<\/li>\n\n\n\n<li>Sophie Lehner, Vicepresidenta de la Conurbaci\u00f3n,<\/li>\n\n\n\n<li>Sophie Levesque, Vicepresidenta del departamento de Oise responsable de la infancia, la primera infancia y la familia,<\/li>\n\n\n\n<li>Arnaud Quiniou, subprefecto encargado de la pol\u00edtica urbana en el departamento de Oise,<\/li>\n\n\n\n<li>Isabelle Lonvis-Rome, Embajadora para los Derechos Humanos.<\/li>\n<\/ul>\n\n\n\n<h3 class=\"wp-block-heading\">Un amplio abanico de actos para celebrar la apertura<\/h3>\n\n\n\n<p>Para celebrarlo, se organizaron numerosos actos y actividades a lo largo del d\u00eda:<\/p>\n\n\n\n<ul class=\"wp-block-list\">\n<li>Fresco participativo<\/li>\n\n\n\n<li>Emisi\u00f3n de un episodio de la serie \"Les Inspirantes\" de la ANA<\/li>\n\n\n\n<li>Sesi\u00f3n de despertar muscular<\/li>\n\n\n\n<li>Introducci\u00f3n a la defensa personal<\/li>\n\n\n\n<li>Concursos y pruebas a ciegas con premios<\/li>\n\n\n\n<li>Simulacro de juicio<\/li>\n\n\n\n<li>Guinguette y concierto de la Jeune Ch\u0153ur de l'Oise<\/li>\n\n\n\n<li>Talleres creativos: tatuajes ef\u00edmeros, fabricaci\u00f3n de chapas, juegos...<\/li>\n<\/ul>\n\n\n\n<p>El Carrefour de Femmes ya est\u00e1 abierto y listo para acoger a todos aquellos que quieran intercambiar ideas, saber m\u00e1s y crecer.<\/p>\n\n\n\n<p>Sigue todas sus novedades suscribi\u00e9ndote a su p\u00e1gina de Instagram: <a href=\"https:\/\/swll.to\/ivTY1YK\">Encrucijada de mujeres<\/a>.<\/p>","protected":false},"excerpt":{"rendered":"<p>Un repaso a la inauguraci\u00f3n del Carrefour de Femmes el mi\u00e9rcoles 16 de octubre<\/p>","protected":false},"author":1,"featured_media":819,"comment_status":"closed","ping_status":"closed","sticky":false,"template":"","format":"standard","meta":{"_acf_changed":false,"_uag_custom_page_level_css":"","footnotes":""},"categories":[9],"tags":[],"class_list":["post-180","post","type-post","status-publish","format-standard","has-post-thumbnail","hentry","category-actualite"],"acf":[],"uagb_featured_image_src":{"full":["https:\/\/www.carrefour-de-femmes.org\/app\/uploads\/2025\/02\/inaug.jpg",1037,626,false],"thumbnail":["https:\/\/www.carrefour-de-femmes.org\/app\/uploads\/2025\/02\/inaug-150x150.jpg",150,150,true],"medium":["https:\/\/www.carrefour-de-femmes.org\/app\/uploads\/2025\/02\/inaug-300x181.jpg",300,181,true],"medium_large":["https:\/\/www.carrefour-de-femmes.org\/app\/uploads\/2025\/02\/inaug-768x464.jpg",768,464,true],"large":["https:\/\/www.carrefour-de-femmes.org\/app\/uploads\/2025\/02\/inaug-1024x618.jpg",1024,618,true],"1536x1536":["https:\/\/www.carrefour-de-femmes.org\/app\/uploads\/2025\/02\/inaug.jpg",1037,626,false],"2048x2048":["https:\/\/www.carrefour-de-femmes.org\/app\/uploads\/2025\/02\/inaug.jpg",1037,626,false],"trp-custom-language-flag":["https:\/\/www.carrefour-de-femmes.org\/app\/uploads\/2025\/02\/inaug-18x12.jpg",18,12,true],"gform-image-choice-sm":["https:\/\/www.carrefour-de-femmes.org\/app\/uploads\/2025\/02\/inaug.jpg",300,181,false],"gform-image-choice-md":["https:\/\/www.carrefour-de-femmes.org\/app\/uploads\/2025\/02\/inaug.jpg",400,241,false],"gform-image-choice-lg":["https:\/\/www.carrefour-de-femmes.org\/app\/uploads\/2025\/02\/inaug.jpg",600,362,false]},"uagb_author_info":{"display_name":"mentalworks","author_link":"https:\/\/www.carrefour-de-femmes.org\/es\/actualites\/author\/mentalworks\/"},"uagb_comment_info":0,"uagb_excerpt":"Retour sur l\u2019inauguration de Carrefour de Femmes, le mercredi 16 octobre","_links":{"self":[{"href":"https:\/\/www.carrefour-de-femmes.org\/es\/wp-json\/wp\/v2\/posts\/180","targetHints":{"allow":["GET"]}}],"collection":[{"href":"https:\/\/www.carrefour-de-femmes.org\/es\/wp-json\/wp\/v2\/posts"}],"about":[{"href":"https:\/\/www.carrefour-de-femmes.org\/es\/wp-json\/wp\/v2\/types\/post"}],"author":[{"embeddable":true,"href":"https:\/\/www.carrefour-de-femmes.org\/es\/wp-json\/wp\/v2\/users\/1"}],"replies":[{"embeddable":true,"href":"https:\/\/www.carrefour-de-femmes.org\/es\/wp-json\/wp\/v2\/comments?post=180"}],"version-history":[{"count":7,"href":"https:\/\/www.carrefour-de-femmes.org\/es\/wp-json\/wp\/v2\/posts\/180\/revisions"}],"predecessor-version":[{"id":1236,"href":"https:\/\/www.carrefour-de-femmes.org\/es\/wp-json\/wp\/v2\/posts\/180\/revisions\/1236"}],"wp:featuredmedia":[{"embeddable":true,"href":"https:\/\/www.carrefour-de-femmes.org\/es\/wp-json\/wp\/v2\/media\/819"}],"wp:attachment":[{"href":"https:\/\/www.carrefour-de-femmes.org\/es\/wp-json\/wp\/v2\/media?parent=180"}],"wp:term":[{"taxonomy":"category","embeddable":true,"href":"https:\/\/www.carrefour-de-femmes.org\/es\/wp-json\/wp\/v2\/categories?post=180"},{"taxonomy":"post_tag","embeddable":true,"href":"https:\/\/www.carrefour-de-femmes.org\/es\/wp-json\/wp\/v2\/tags?post=180"}],"curies":[{"name":"wp","href":"https:\/\/api.w.org\/{rel}","templated":true}]}}