{"id":1602,"date":"2025-10-14T13:12:05","date_gmt":"2025-10-14T12:12:05","guid":{"rendered":"https:\/\/www.carrefour-de-femmes.org\/?p=1602"},"modified":"2025-12-05T09:58:09","modified_gmt":"2025-12-05T08:58:09","slug":"un-viaje-al-corazon-de-la-salud-de-la-mujer","status":"publish","type":"post","link":"https:\/\/www.carrefour-de-femmes.org\/es\/actualites\/voyage-au-coeur-de-la-sante-des-femmes\/","title":{"rendered":"Viaje al coraz\u00f3n de la salud femenina"},"content":{"rendered":"<div class=\"wp-block-buttons is-layout-flex wp-block-buttons-is-layout-flex\"><\/div>\n\n\n\n<figure class=\"wp-block-image size-large\"><img loading=\"lazy\" decoding=\"async\" width=\"1024\" height=\"267\" src=\"https:\/\/www.carrefour-de-femmes.org\/app\/uploads\/2025\/10\/SLIDE-voyage-au-coeur-des-femmes-1-1024x267.jpg\" alt=\"\" class=\"wp-image-1637\" srcset=\"https:\/\/www.carrefour-de-femmes.org\/app\/uploads\/2025\/10\/SLIDE-voyage-au-coeur-des-femmes-1-1024x267.jpg 1024w, https:\/\/www.carrefour-de-femmes.org\/app\/uploads\/2025\/10\/SLIDE-voyage-au-coeur-des-femmes-1-300x78.jpg 300w, https:\/\/www.carrefour-de-femmes.org\/app\/uploads\/2025\/10\/SLIDE-voyage-au-coeur-des-femmes-1-768x200.jpg 768w, https:\/\/www.carrefour-de-femmes.org\/app\/uploads\/2025\/10\/SLIDE-voyage-au-coeur-des-femmes-1-1536x400.jpg 1536w, https:\/\/www.carrefour-de-femmes.org\/app\/uploads\/2025\/10\/SLIDE-voyage-au-coeur-des-femmes-1-2048x534.jpg 2048w, https:\/\/www.carrefour-de-femmes.org\/app\/uploads\/2025\/10\/SLIDE-voyage-au-coeur-des-femmes-1-18x5.jpg 18w\" sizes=\"auto, (max-width: 1024px) 100vw, 1024px\" \/><\/figure>\n\n\n\n<h2 class=\"wp-block-heading\">Un d\u00eda para cuidarse, informarse y hablar con profesionales sanitarios<\/h2>\n\n\n\n<h3 class=\"wp-block-heading\">\ud83d\udcc5 Martes 9 de diciembre de 10.00 a 18.00 horas&nbsp;<\/h3>\n\n\n\n<h3 class=\"wp-block-heading\">\ud83d\udccd Maison Creilloise des Associations, 11 rue des Hironvales, Creil<\/h3>\n\n\n\n<p><strong><em>Acceso gratuito, no es necesario registrarse<\/em><\/strong><\/p>\n\n\n\n<p><\/p>\n\n\n\n<p>\u00bfPor qu\u00e9 no te tomas un momento para ti? <strong>\"Viaje al coraz\u00f3n de la salud femenina<\/strong> es una jornada dedicada a la salud de la mujer en todas sus formas, concebida para satisfacer las necesidades pr\u00e1cticas de las mujeres, sea cual sea su edad o procedencia.<\/p>\n\n\n\n<p>Tiene preguntas sobre <strong>anticoncepci\u00f3n, ITS y endometriosis<\/strong> ? \u00bfLe gustar\u00eda comprender mejor las se\u00f1ales del estr\u00e9s o los efectos de las emociones en su salud? \u00bfLe gustar\u00eda saber m\u00e1s sobre <strong>las medidas adecuadas para detectar ciertos tipos de c\u00e1ncer lo antes posible<\/strong>&nbsp;? \u00bfO simplemente consejos sobre c\u00f3mo comer mejor, hacer m\u00e1s ejercicio o incluso dormir mejor?<\/p>\n\n\n\n<p>Ven a conocer a los profesionales sanitarios tal como eres, con tus preguntas, dudas y curiosidad.<\/p>\n\n\n\n<figure class=\"wp-block-image size-large\"><img loading=\"lazy\" decoding=\"async\" width=\"1024\" height=\"267\" src=\"https:\/\/www.carrefour-de-femmes.org\/app\/uploads\/2025\/10\/Design-sans-titre-10-1024x267.png\" alt=\"\" class=\"wp-image-1632\" srcset=\"https:\/\/www.carrefour-de-femmes.org\/app\/uploads\/2025\/10\/Design-sans-titre-10-1024x267.png 1024w, https:\/\/www.carrefour-de-femmes.org\/app\/uploads\/2025\/10\/Design-sans-titre-10-300x78.png 300w, https:\/\/www.carrefour-de-femmes.org\/app\/uploads\/2025\/10\/Design-sans-titre-10-768x200.png 768w, https:\/\/www.carrefour-de-femmes.org\/app\/uploads\/2025\/10\/Design-sans-titre-10-1536x400.png 1536w, https:\/\/www.carrefour-de-femmes.org\/app\/uploads\/2025\/10\/Design-sans-titre-10-18x5.png 18w, https:\/\/www.carrefour-de-femmes.org\/app\/uploads\/2025\/10\/Design-sans-titre-10.png 1920w\" sizes=\"auto, (max-width: 1024px) 100vw, 1024px\" \/><\/figure>\n\n\n\n<p><strong>PROGRAMA DEL D\u00cdA : <\/strong><\/p>\n\n\n\n<p><strong>Actividades, conferencias, sesiones de debate e incluso actividades deportivas. \u00a1Inf\u00f3rmate y mu\u00e9vete!&nbsp; <\/strong><strong>Hablemos de su salud. <\/strong><strong><\/strong><\/p>\n\n\n\n<p><strong>10h30<\/strong> <strong>y 15.30 h<\/strong> - Caminata de 5-6 km con salida de la Maison Creilloise des Associations<br><em>Organizado por ARNV (Association Randonn\u00e9e Nogentaise Villersoise)<\/em><\/p>\n\n\n\n<p><strong>10.30 h \/ 11.15 h<\/strong> - Introducci\u00f3n al aerobox<br>Propuesto por la Escuela Deportiva Municipal de Creil<\/p>\n\n\n\n<p><strong>11 h. y 15 h.<\/strong> - Comprender y prevenir las distintas formas de violencia\u00ab<br><em>Por Christelle Bronchard, delegada departamental para la igualdad y los derechos de la mujer - Pr\u00e9fecture de l'Oise<\/em><\/p>\n\n\n\n<p>El objetivo de este encuentro es sensibilizar, informar y debatir sobre los mecanismos, el impacto y los medios de prevenci\u00f3n. Trabajemos juntos por una sociedad m\u00e1s justa que respete los derechos de todos.<\/p>\n\n\n\n<p><strong>De 13.30 h a 14.30 h y de 15.30 h a 16.30 h<\/strong> - Taller de auto-relajaci\u00f3n. Rel\u00e1jate con t\u00e9cnicas de automasaje<\/p>\n\n\n\n<p><\/p>\n\n\n\n<p><\/p>\n\n\n\n<h2 class=\"wp-block-heading\"><strong>Cu\u00eddate, hoy y ma\u00f1ana<\/strong><\/h2>\n\n\n\n<p><strong>M\u00e1s informaci\u00f3n en el sal\u00f3n. <\/strong>Organizada en torno a tres ejes, la jornada ofrece abundante informaci\u00f3n, talleres y debates con profesionales sanitarios y m\u00e9dico-sociales en diversos \u00e1mbitos confidenciales.<\/p>\n\n\n\n<h2 class=\"wp-block-heading\">\ud83c\udfaf Tu ruta de prevenci\u00f3n<\/h2>\n\n\n\n<p>Mu\u00e9vete, come, examina... Tu salud es tambi\u00e9n tu poder de acci\u00f3n. As\u00ed que, \u00bfpor qu\u00e9 no dar el primer paso?<\/p>\n\n\n\n<p>Pruebas de detecci\u00f3n del c\u00e1ncer y la diabetes, asesoramiento sobre cuidados dentales, reuniones con un dietista, prevenci\u00f3n de la diabetes...<\/p>\n\n\n\n<p>En esta zona podr\u00e1 :<\/p>\n\n\n\n<ul class=\"wp-block-list\">\n<li>Aprenda a detectar los signos del c\u00e1ncer de mama,<\/li>\n\n\n\n<li>Controlar la tensi\u00f3n arterial y los niveles de az\u00facar en sangre<\/li>\n\n\n\n<li>Consejos sobre sus h\u00e1bitos alimentarios<\/li>\n<\/ul>\n\n\n\n<p>Equipos de la Caisse Primaire d'Assurance Maladie, del Centre R\u00e9gional de Coordination du D\u00e9pistage des Cancers y un m\u00e9dico del Groupe Hospitalier Public du Sud de l'Oise estar\u00e1n a su disposici\u00f3n para responder a sus preguntas.<\/p>\n\n\n\n<p><\/p>\n\n\n\n<h2 class=\"wp-block-heading\">\ud83c\udf37 Tu vida afectiva e \u00edntima<\/h2>\n\n\n\n<p>Anticoncepci\u00f3n, menstruaci\u00f3n, endometriosis, ITS, violencia de g\u00e9nero... La salud sexual tambi\u00e9n tiene que ver con tu bienestar diario.<\/p>\n\n\n\n<p>Aqu\u00ed puede :<\/p>\n\n\n\n<ul class=\"wp-block-list\">\n<li>Descubrir los diferentes m\u00e9todos anticonceptivos<\/li>\n\n\n\n<li>Haga sus preguntas sobre las ITS y el cribado<\/li>\n\n\n\n<li>Habla con una matrona sobre la endometriosis,<\/li>\n\n\n\n<li>Participaci\u00f3n en actos sobre la precariedad menstrual<\/li>\n\n\n\n<li>Informaci\u00f3n \u00fatil sobre la violencia contra las mujeres y la mutilaci\u00f3n genital<\/li>\n<\/ul>\n\n\n\n<p>Un espacio de acogida, abierto a todos, donde los equipos del Centro de Protecci\u00f3n Materno-Infantil (PMI), del Carrefour de femmes, de la Maison de Sant\u00e9 des Femmes y del laboratorio Biogroup estar\u00e1n a su disposici\u00f3n para responder a sus preguntas.<\/p>\n\n\n\n<p><\/p>\n\n\n\n<h2 class=\"wp-block-heading\">\ud83e\udde0 Tu salud mental, tu fuerza<\/h2>\n\n\n\n<p>Estr\u00e9s, emociones, h\u00e1bitos de vida... Tu salud mental es tan importante como tu salud f\u00edsica<strong>.&nbsp; <\/strong>En este espacio hablamos de bienestar, equilibrio, escucha, pero tambi\u00e9n de prevenci\u00f3n y apoyo.<\/p>\n\n\n\n<p>Podr\u00e1 :<\/p>\n\n\n\n<ul class=\"wp-block-list\">\n<li>Discuta <strong>adicciones y comportamientos de riesgo<\/strong>,<\/li>\n\n\n\n<li>Descubre la <strong>estructuras de apoyo psicol\u00f3gico<\/strong> del territorio<\/li>\n\n\n\n<li>Explore sus emociones a trav\u00e9s de la exposici\u00f3n inmersiva <strong>\"Nube de emociones<\/strong><\/li>\n<\/ul>\n\n\n\n<p>Un lugar para respirar, comprender y salir con las claves de una vida cotidiana mejor con France Addictions, la Maison des Ados, el SAMU Social y el CIDFF.<\/p>\n\n\n\n<p><strong>Propuesto y organizado por<\/strong> \u2b07\ufe0f<\/p>\n\n\n\n<figure class=\"wp-block-image size-full\"><img loading=\"lazy\" decoding=\"async\" width=\"1000\" height=\"100\" src=\"https:\/\/www.carrefour-de-femmes.org\/app\/uploads\/2025\/10\/Design-sans-titre-9.png\" alt=\"\" class=\"wp-image-1629\" srcset=\"https:\/\/www.carrefour-de-femmes.org\/app\/uploads\/2025\/10\/Design-sans-titre-9.png 1000w, https:\/\/www.carrefour-de-femmes.org\/app\/uploads\/2025\/10\/Design-sans-titre-9-300x30.png 300w, https:\/\/www.carrefour-de-femmes.org\/app\/uploads\/2025\/10\/Design-sans-titre-9-768x77.png 768w, https:\/\/www.carrefour-de-femmes.org\/app\/uploads\/2025\/10\/Design-sans-titre-9-18x2.png 18w\" sizes=\"auto, (max-width: 1000px) 100vw, 1000px\" \/><\/figure>\n\n\n\n<p><\/p>\n\n\n\n<h2 class=\"wp-block-heading\">Hablemos de su salud.<\/h2>\n\n\n\n<p>Viaje al coraz\u00f3n de la salud femenina: una jornada dedicada a la salud de la mujer en todas sus formas, donde podr\u00e1 cuidarse, informarse y hablar con profesionales de la salud.<br>Sea cual sea su edad o formaci\u00f3n, encontrar\u00e1 respuestas a sus preguntas, consejos \u00fatiles y profesionales que le escuchar\u00e1n.<\/p>\n\n\n\n<h3 class=\"wp-block-heading has-text-align-left\"><strong>\ud83c\udf38<\/strong> Talleres, entretenimiento y un saludable buf\u00e9 le esperan durante todo el d\u00eda.<\/h3>\n\n\n\n<p><\/p>\n\n\n\n<h2 class=\"wp-block-heading\"><strong>\u2695\ufe0f<\/strong> 3 espacios dedicados a su salud<\/h2>\n\n\n\n<h3 class=\"wp-block-heading\"><strong>\ud83d\udee1\ufe0f <\/strong>Su ruta de prevenci\u00f3n<\/h3>\n\n\n\n<p>Mu\u00e9vete, come, exam\u00ednate... Tu salud es tambi\u00e9n tu poder de acci\u00f3n. Aprenda a detectar los signos del c\u00e1ncer de mama. Hazte revisar la tensi\u00f3n arterial y los niveles de az\u00facar en sangre. Hable con un dietista.<\/p>\n\n\n\n<p><\/p>\n\n\n\n<h3 class=\"wp-block-heading\"><strong>\ud83d\udc95 <\/strong>Su vida afectiva e \u00edntima<\/h3>\n\n\n\n<p>Anticoncepci\u00f3n, menstruaci\u00f3n, ETS, endometriosis... hablemos libremente. Habla con una matrona. Informaci\u00f3n \u00fatil sobre la violencia contra las mujeres<\/p>\n\n\n\n<p><\/p>\n\n\n\n<h3 class=\"wp-block-heading\"><strong>\ud83e\uddd8\u200d\u2640\ufe0f <\/strong>Su salud mental, su fuerza<\/h3>\n\n\n\n<p>Estr\u00e9s, emociones, adicciones... Tu bienestar mental cuenta. Hable de comportamientos de riesgo y adicciones. Inf\u00f3rmese sobre los servicios de apoyo psicol\u00f3gico de la regi\u00f3n. Explore sus emociones con la exposici\u00f3n inmersiva \"Emociones\".\u00a0<em>Nube de emociones<\/em>\"\u00a0<\/p>\n\n\n\n<h2 class=\"wp-block-heading\">Asociaciones y socios presentes en la jornada \u2764\ufe0f<\/h2>\n\n\n\n<div class=\"wp-block-media-text is-stacked-on-mobile\" style=\"grid-template-columns:15% auto\"><figure class=\"wp-block-media-text__media\"><img loading=\"lazy\" decoding=\"async\" width=\"200\" height=\"200\" src=\"https:\/\/www.carrefour-de-femmes.org\/app\/uploads\/2025\/10\/image.png\" alt=\"\" class=\"wp-image-1696 size-full\" srcset=\"https:\/\/www.carrefour-de-femmes.org\/app\/uploads\/2025\/10\/image.png 200w, https:\/\/www.carrefour-de-femmes.org\/app\/uploads\/2025\/10\/image-150x150.png 150w, https:\/\/www.carrefour-de-femmes.org\/app\/uploads\/2025\/10\/image-12x12.png 12w\" sizes=\"auto, (max-width: 200px) 100vw, 200px\" \/><\/figure><div class=\"wp-block-media-text__content\">\n<h3 class=\"wp-block-heading\">RNAV \ud83d\udc5f<em>(Asociaci\u00f3n Randonn\u00e9e Nogentaise Villersoise)<\/em><\/h3>\n\n\n\n<p>En el camino \ud83d\udeb6<\/p>\n<\/div><\/div>\n\n\n\n<p><\/p>\n\n\n\n<div class=\"wp-block-media-text is-stacked-on-mobile\" style=\"grid-template-columns:18% auto\"><figure class=\"wp-block-media-text__media\"><img loading=\"lazy\" decoding=\"async\" width=\"725\" height=\"628\" src=\"https:\/\/www.carrefour-de-femmes.org\/app\/uploads\/2025\/10\/ecole-municipale-des-sports-.png\" alt=\"\" class=\"wp-image-1699 size-full\" srcset=\"https:\/\/www.carrefour-de-femmes.org\/app\/uploads\/2025\/10\/ecole-municipale-des-sports-.png 725w, https:\/\/www.carrefour-de-femmes.org\/app\/uploads\/2025\/10\/ecole-municipale-des-sports--300x260.png 300w, https:\/\/www.carrefour-de-femmes.org\/app\/uploads\/2025\/10\/ecole-municipale-des-sports--14x12.png 14w\" sizes=\"auto, (max-width: 725px) 100vw, 725px\" \/><\/figure><div class=\"wp-block-media-text__content\">\n<h3 class=\"wp-block-heading\">Escuela Deportiva Municipal \ud83e\udd4a<\/h3>\n\n\n\n<p>En aerobox <\/p>\n<\/div><\/div>\n\n\n\n<p><\/p>\n\n\n\n<div class=\"wp-block-media-text is-stacked-on-mobile\" style=\"grid-template-columns:19% auto\"><figure class=\"wp-block-media-text__media\"><img loading=\"lazy\" decoding=\"async\" width=\"960\" height=\"958\" src=\"https:\/\/www.carrefour-de-femmes.org\/app\/uploads\/2025\/10\/pour-un-sourire.jpg\" alt=\"\" class=\"wp-image-1701 size-full\" srcset=\"https:\/\/www.carrefour-de-femmes.org\/app\/uploads\/2025\/10\/pour-un-sourire.jpg 960w, https:\/\/www.carrefour-de-femmes.org\/app\/uploads\/2025\/10\/pour-un-sourire-300x300.jpg 300w, https:\/\/www.carrefour-de-femmes.org\/app\/uploads\/2025\/10\/pour-un-sourire-150x150.jpg 150w, https:\/\/www.carrefour-de-femmes.org\/app\/uploads\/2025\/10\/pour-un-sourire-768x766.jpg 768w, https:\/\/www.carrefour-de-femmes.org\/app\/uploads\/2025\/10\/pour-un-sourire-12x12.jpg 12w\" sizes=\"auto, (max-width: 960px) 100vw, 960px\" \/><\/figure><div class=\"wp-block-media-text__content\">\n<h3 class=\"wp-block-heading\">Por una sonrisa \ud83e\udd1d<\/h3>\n\n\n\n<p>Debates y juegos sobre la precariedad menstrual \u2640\ufe0f<\/p>\n<\/div><\/div>\n\n\n\n<p><\/p>\n\n\n\n<div class=\"wp-block-media-text is-stacked-on-mobile\" style=\"grid-template-columns:18% auto\"><figure class=\"wp-block-media-text__media\"><img loading=\"lazy\" decoding=\"async\" width=\"185\" height=\"198\" src=\"https:\/\/www.carrefour-de-femmes.org\/app\/uploads\/2025\/10\/femmes-sans-frontieres-fsf.png\" alt=\"\" class=\"wp-image-1700 size-full\" srcset=\"https:\/\/www.carrefour-de-femmes.org\/app\/uploads\/2025\/10\/femmes-sans-frontieres-fsf.png 185w, https:\/\/www.carrefour-de-femmes.org\/app\/uploads\/2025\/10\/femmes-sans-frontieres-fsf-11x12.png 11w\" sizes=\"auto, (max-width: 185px) 100vw, 185px\" \/><\/figure><div class=\"wp-block-media-text__content\">\n<h3 class=\"wp-block-heading\">Mujeres sin fronteras \ud83c\udf0e<\/h3>\n\n\n\n<p>Sobre la fabricaci\u00f3n de productos cosm\u00e9ticos y masaje de manos \ud83d\udc84<\/p>\n<\/div><\/div>\n\n\n\n<p><\/p>\n\n\n\n<p><strong>Una jornada organizada por <\/strong>\u2b07\ufe0f<\/p>\n\n\n\n<figure class=\"wp-block-image size-large\"><img loading=\"lazy\" decoding=\"async\" width=\"1024\" height=\"139\" src=\"https:\/\/www.carrefour-de-femmes.org\/app\/uploads\/2025\/10\/NL-footer-LOGOS-voyage-au-coeur-des-femmes-1-1024x139.jpg\" alt=\"\" class=\"wp-image-1639\" srcset=\"https:\/\/www.carrefour-de-femmes.org\/app\/uploads\/2025\/10\/NL-footer-LOGOS-voyage-au-coeur-des-femmes-1-1024x139.jpg 1024w, https:\/\/www.carrefour-de-femmes.org\/app\/uploads\/2025\/10\/NL-footer-LOGOS-voyage-au-coeur-des-femmes-1-300x41.jpg 300w, https:\/\/www.carrefour-de-femmes.org\/app\/uploads\/2025\/10\/NL-footer-LOGOS-voyage-au-coeur-des-femmes-1-768x104.jpg 768w, https:\/\/www.carrefour-de-femmes.org\/app\/uploads\/2025\/10\/NL-footer-LOGOS-voyage-au-coeur-des-femmes-1-18x2.jpg 18w, https:\/\/www.carrefour-de-femmes.org\/app\/uploads\/2025\/10\/NL-footer-LOGOS-voyage-au-coeur-des-femmes-1.jpg 1229w\" sizes=\"auto, (max-width: 1024px) 100vw, 1024px\" \/><\/figure>\n\n\n\n<p><\/p>\n\n\n\n<div class=\"wp-block-buttons is-layout-flex wp-block-buttons-is-layout-flex\">\n<div class=\"wp-block-button is-style-fill\"><a class=\"wp-block-button__link has-white-color has-text-color has-background has-link-color wp-element-button\" href=\"https:\/\/www.calameo.com\/read\/006167741a3584cce772c\" style=\"background:linear-gradient(135deg,rgb(90,104,163) 0%,rgb(90,104,163) 100%)\" target=\"_blank\" rel=\"noreferrer noopener\"><strong>Descubra el folleto<\/strong><\/a><\/div>\n<\/div>\n\n\n\n<p><\/p>\n\n\n\n<div data-wp-interactive=\"core\/file\" class=\"wp-block-file\"><object data-wp-bind--hidden=\"!state.hasPdfPreview\" hidden class=\"wp-block-file__embed\" data=\"https:\/\/www.carrefour-de-femmes.org\/app\/uploads\/2025\/10\/FLYER-A5-voyage-au-coeur-des-femmes-STC-1.pdf\" type=\"application\/pdf\" style=\"width:100%;height:600px\" aria-label=\"Incrustado de Flyer - Voyage au coeur des femmes.\"><\/object><a id=\"wp-block-file--media-7baddbd0-72fe-4c1e-99cd-864b9000fdbc\" href=\"https:\/\/www.carrefour-de-femmes.org\/es\/app\/uploads\/2025\/10\/FLYER-A5-voyage-au-coeur-des-femmes-STC-1.pdf\/\">Folleto - Viaje al coraz\u00f3n de las mujeres<\/a><a href=\"https:\/\/www.carrefour-de-femmes.org\/es\/app\/uploads\/2025\/10\/FLYER-A5-voyage-au-coeur-des-femmes-STC-1.pdf\/\" class=\"wp-block-file__button wp-element-button\" download aria-describedby=\"wp-block-file--media-7baddbd0-72fe-4c1e-99cd-864b9000fdbc\">Descargar<\/a><\/div>\n\n\n\n<p><\/p>\n\n\n\n<p><\/p>\n\n\n\n<p><\/p>","protected":false},"excerpt":{"rendered":"<p>Une journ\u00e9e pour prendre soin de soi, s\u2019informer et \u00e9changer avec des professionnels de sant\u00e9 \ud83d\udcc5 Mardi 9 d\u00e9cembre de 10h \u00e0 18h&nbsp; \ud83d\udccd Maison Creilloise des Associations, 11 rue des Hironvales \u00e0 Creil Acc\u00e8s libre et gratuit, sans inscription Et si vous preniez un moment pour vous ? \u00ab Voyage au c\u0153ur de la [&hellip;]<\/p>\n","protected":false},"author":3,"featured_media":1604,"comment_status":"closed","ping_status":"closed","sticky":false,"template":"","format":"standard","meta":{"_acf_changed":false,"_uag_custom_page_level_css":"","footnotes":""},"categories":[1],"tags":[],"class_list":["post-1602","post","type-post","status-publish","format-standard","has-post-thumbnail","hentry","category-uncategorized"],"acf":[],"uagb_featured_image_src":{"full":["https:\/\/www.carrefour-de-femmes.org\/app\/uploads\/2025\/10\/MISE-EN-AVANT-voyage-au-coeur-des-femmes.jpg",1458,1458,false],"thumbnail":["https:\/\/www.carrefour-de-femmes.org\/app\/uploads\/2025\/10\/MISE-EN-AVANT-voyage-au-coeur-des-femmes-150x150.jpg",150,150,true],"medium":["https:\/\/www.carrefour-de-femmes.org\/app\/uploads\/2025\/10\/MISE-EN-AVANT-voyage-au-coeur-des-femmes-300x300.jpg",300,300,true],"medium_large":["https:\/\/www.carrefour-de-femmes.org\/app\/uploads\/2025\/10\/MISE-EN-AVANT-voyage-au-coeur-des-femmes-768x768.jpg",768,768,true],"large":["https:\/\/www.carrefour-de-femmes.org\/app\/uploads\/2025\/10\/MISE-EN-AVANT-voyage-au-coeur-des-femmes-1024x1024.jpg",1024,1024,true],"1536x1536":["https:\/\/www.carrefour-de-femmes.org\/app\/uploads\/2025\/10\/MISE-EN-AVANT-voyage-au-coeur-des-femmes.jpg",1458,1458,false],"2048x2048":["https:\/\/www.carrefour-de-femmes.org\/app\/uploads\/2025\/10\/MISE-EN-AVANT-voyage-au-coeur-des-femmes.jpg",1458,1458,false],"trp-custom-language-flag":["https:\/\/www.carrefour-de-femmes.org\/app\/uploads\/2025\/10\/MISE-EN-AVANT-voyage-au-coeur-des-femmes-12x12.jpg",12,12,true],"gform-image-choice-sm":["https:\/\/www.carrefour-de-femmes.org\/app\/uploads\/2025\/10\/MISE-EN-AVANT-voyage-au-coeur-des-femmes.jpg",300,300,false],"gform-image-choice-md":["https:\/\/www.carrefour-de-femmes.org\/app\/uploads\/2025\/10\/MISE-EN-AVANT-voyage-au-coeur-des-femmes.jpg",400,400,false],"gform-image-choice-lg":["https:\/\/www.carrefour-de-femmes.org\/app\/uploads\/2025\/10\/MISE-EN-AVANT-voyage-au-coeur-des-femmes.jpg",600,600,false]},"uagb_author_info":{"display_name":"Sheryll Presna","author_link":"https:\/\/www.carrefour-de-femmes.org\/es\/actualites\/author\/s-presna\/"},"uagb_comment_info":0,"uagb_excerpt":"Une journ\u00e9e pour prendre soin de soi, s\u2019informer et \u00e9changer avec des professionnels de sant\u00e9 \ud83d\udcc5 Mardi 9 d\u00e9cembre de 10h \u00e0 18h&nbsp; \ud83d\udccd Maison Creilloise des Associations, 11 rue des Hironvales \u00e0 Creil Acc\u00e8s libre et gratuit, sans inscription Et si vous preniez un moment pour vous ? \u00ab Voyage au c\u0153ur de la&hellip;","_links":{"self":[{"href":"https:\/\/www.carrefour-de-femmes.org\/es\/wp-json\/wp\/v2\/posts\/1602","targetHints":{"allow":["GET"]}}],"collection":[{"href":"https:\/\/www.carrefour-de-femmes.org\/es\/wp-json\/wp\/v2\/posts"}],"about":[{"href":"https:\/\/www.carrefour-de-femmes.org\/es\/wp-json\/wp\/v2\/types\/post"}],"author":[{"embeddable":true,"href":"https:\/\/www.carrefour-de-femmes.org\/es\/wp-json\/wp\/v2\/users\/3"}],"replies":[{"embeddable":true,"href":"https:\/\/www.carrefour-de-femmes.org\/es\/wp-json\/wp\/v2\/comments?post=1602"}],"version-history":[{"count":23,"href":"https:\/\/www.carrefour-de-femmes.org\/es\/wp-json\/wp\/v2\/posts\/1602\/revisions"}],"predecessor-version":[{"id":1719,"href":"https:\/\/www.carrefour-de-femmes.org\/es\/wp-json\/wp\/v2\/posts\/1602\/revisions\/1719"}],"wp:featuredmedia":[{"embeddable":true,"href":"https:\/\/www.carrefour-de-femmes.org\/es\/wp-json\/wp\/v2\/media\/1604"}],"wp:attachment":[{"href":"https:\/\/www.carrefour-de-femmes.org\/es\/wp-json\/wp\/v2\/media?parent=1602"}],"wp:term":[{"taxonomy":"category","embeddable":true,"href":"https:\/\/www.carrefour-de-femmes.org\/es\/wp-json\/wp\/v2\/categories?post=1602"},{"taxonomy":"post_tag","embeddable":true,"href":"https:\/\/www.carrefour-de-femmes.org\/es\/wp-json\/wp\/v2\/tags?post=1602"}],"curies":[{"name":"wp","href":"https:\/\/api.w.org\/{rel}","templated":true}]}}