{"id":1566,"date":"2025-09-26T10:13:09","date_gmt":"2025-09-26T09:13:09","guid":{"rendered":"https:\/\/www.carrefour-de-femmes.org\/?p=1566"},"modified":"2025-09-30T09:20:36","modified_gmt":"2025-09-30T08:20:36","slug":"rosa-de-octubre-descubre-el-programa-local","status":"publish","type":"post","link":"https:\/\/www.carrefour-de-femmes.org\/es\/actualites\/octobre-rose-decouvrez-le-programme-des-communes\/","title":{"rendered":"OCTOBRE ROSE: Descubra el programa local"},"content":{"rendered":"<p><strong>Juntos, \u00a1mov\u00e1monos por la causa!<\/strong><\/p>\n\n\n\n<p>En este mes de apoyo a <strong>lucha contra el c\u00e1ncer de mama<\/strong>Numerosos actos deportivos, culturales y educativos. Toda una serie de actos de sensibilizaci\u00f3n, informaci\u00f3n y apoyo a la lucha contra el c\u00e1ncer de mama. \ud83d\udc9d<\/p>\n\n\n\n<h2 class=\"wp-block-heading\"><strong>Descargue aqu\u00ed los distintos programas \u2193<\/strong><\/h2>\n\n\n\n<div data-wp-interactive=\"core\/file\" class=\"wp-block-file\"><object data-wp-bind--hidden=\"!state.hasPdfPreview\" hidden class=\"wp-block-file__embed\" data=\"https:\/\/www.carrefour-de-femmes.org\/app\/uploads\/2025\/09\/Montataire-Octobre-rose.pdf\" type=\"application\/pdf\" style=\"width:100%;height:440px\" aria-label=\"Incrustado de Montataire - Octobre rose.\"><\/object><a id=\"wp-block-file--media-def1fb51-b2fe-4e37-afbf-d539c7edc9f2\" href=\"https:\/\/www.carrefour-de-femmes.org\/es\/app\/uploads\/2025\/09\/Montataire-Octobre-rose.pdf\/\">Montataire - Octubre rosa<\/a><a href=\"https:\/\/www.carrefour-de-femmes.org\/es\/app\/uploads\/2025\/09\/Montataire-Octobre-rose.pdf\/\" class=\"wp-block-file__button wp-element-button\" download aria-describedby=\"wp-block-file--media-def1fb51-b2fe-4e37-afbf-d539c7edc9f2\">Descargar<\/a><\/div>\n\n\n\n<p><\/p>\n\n\n\n<div data-wp-interactive=\"core\/file\" class=\"wp-block-file\"><object data-wp-bind--hidden=\"!state.hasPdfPreview\" hidden class=\"wp-block-file__embed\" data=\"https:\/\/www.carrefour-de-femmes.org\/app\/uploads\/2025\/09\/Saint-Maximin-Octobre-rose.pdf\" type=\"application\/pdf\" style=\"width:100%;height:420px\" aria-label=\"Incrustado de Saint-Maximin - Octobre rose.\"><\/object><a id=\"wp-block-file--media-6c2c2ee6-26d7-4327-81ae-0bfddcbaa7ba\" href=\"https:\/\/www.carrefour-de-femmes.org\/es\/app\/uploads\/2025\/09\/Saint-Maximin-Octobre-rose.pdf\/\">Saint-Maximin - Octubre rosa<\/a><a href=\"https:\/\/www.carrefour-de-femmes.org\/es\/app\/uploads\/2025\/09\/Saint-Maximin-Octobre-rose.pdf\/\" class=\"wp-block-file__button wp-element-button\" download aria-describedby=\"wp-block-file--media-6c2c2ee6-26d7-4327-81ae-0bfddcbaa7ba\">Descargar<\/a><\/div>\n\n\n\n<p><\/p>\n\n\n\n<div data-wp-interactive=\"core\/file\" class=\"wp-block-file\"><object data-wp-bind--hidden=\"!state.hasPdfPreview\" hidden class=\"wp-block-file__embed\" data=\"https:\/\/www.carrefour-de-femmes.org\/app\/uploads\/2025\/09\/Creil-Octobre-rose.pdf\" type=\"application\/pdf\" style=\"width:100%;height:430px\" aria-label=\"Incrustado de Creil - Octobre rose.\"><\/object><a id=\"wp-block-file--media-70e735f2-1c00-4c85-b94a-488f87f79e0c\" href=\"https:\/\/www.carrefour-de-femmes.org\/es\/app\/uploads\/2025\/09\/Creil-Octobre-rose.pdf\/\">Creil - Octubre rosa<\/a><a href=\"https:\/\/www.carrefour-de-femmes.org\/es\/app\/uploads\/2025\/09\/Creil-Octobre-rose.pdf\/\" class=\"wp-block-file__button wp-element-button\" download aria-describedby=\"wp-block-file--media-70e735f2-1c00-4c85-b94a-488f87f79e0c\">Descargar<\/a><\/div>\n\n\n\n<p><\/p>\n\n\n\n<div data-wp-interactive=\"core\/file\" class=\"wp-block-file\"><object data-wp-bind--hidden=\"!state.hasPdfPreview\" hidden class=\"wp-block-file__embed\" data=\"https:\/\/www.carrefour-de-femmes.org\/app\/uploads\/2025\/09\/Saint-Leu-dEsserent-Octobre-rose.pdf\" type=\"application\/pdf\" style=\"width:100%;height:440px\" aria-label=\"Incrustado de Saint-Leu d&apos;Esserent -Octobre rose.\"><\/object><a id=\"wp-block-file--media-bd20fb46-0c68-4f7e-a581-1dc55e76291c\" href=\"https:\/\/www.carrefour-de-femmes.org\/es\/app\/uploads\/2025\/09\/Saint-Leu-dEsserent-Octobre-rose.pdf\/\">Saint-Leu d'Esserent - Octubre rosa<\/a><a href=\"https:\/\/www.carrefour-de-femmes.org\/es\/app\/uploads\/2025\/09\/Saint-Leu-dEsserent-Octobre-rose.pdf\/\" class=\"wp-block-file__button wp-element-button\" download aria-describedby=\"wp-block-file--media-bd20fb46-0c68-4f7e-a581-1dc55e76291c\">Descargar<\/a><\/div>\n\n\n\n<p><\/p>\n\n\n\n<figure class=\"wp-block-image size-large\"><img loading=\"lazy\" decoding=\"async\" width=\"1024\" height=\"433\" src=\"https:\/\/www.carrefour-de-femmes.org\/app\/uploads\/2025\/09\/SIA_FemmesdeCoeur-1024x433.png\" alt=\"\" class=\"wp-image-1579\" srcset=\"https:\/\/www.carrefour-de-femmes.org\/app\/uploads\/2025\/09\/SIA_FemmesdeCoeur-1024x433.png 1024w, https:\/\/www.carrefour-de-femmes.org\/app\/uploads\/2025\/09\/SIA_FemmesdeCoeur-300x127.png 300w, https:\/\/www.carrefour-de-femmes.org\/app\/uploads\/2025\/09\/SIA_FemmesdeCoeur-768x325.png 768w, https:\/\/www.carrefour-de-femmes.org\/app\/uploads\/2025\/09\/SIA_FemmesdeCoeur-18x8.png 18w, https:\/\/www.carrefour-de-femmes.org\/app\/uploads\/2025\/09\/SIA_FemmesdeCoeur.png 1325w\" sizes=\"auto, (max-width: 1024px) 100vw, 1024px\" \/><\/figure>\n\n\n\n<div class=\"wp-block-buttons is-layout-flex wp-block-buttons-is-layout-flex\">\n<div class=\"wp-block-button is-style-fill\"><a class=\"wp-block-button__link has-pale-pink-background-color has-background wp-element-button\" href=\"https:\/\/www.nogentsuroise.fr\/agenda\/1303-marche-solidaire-pour-octobre-rose\/2025-10-11-10-00\" target=\"_blank\" rel=\"noreferrer noopener\"><strong>\u00a1Descubra el Programa Nogent-sur-Oise!<\/strong><\/a><\/div>\n<\/div>\n\n\n\n<p><\/p>\n\n\n\n<figure class=\"wp-block-image size-medium is-resized\"><img loading=\"lazy\" decoding=\"async\" width=\"300\" height=\"225\" src=\"https:\/\/www.carrefour-de-femmes.org\/app\/uploads\/2025\/09\/close-up-person-holding-up-pink-white-ribbon-300x225.jpg\" alt=\"\" class=\"wp-image-1561\" style=\"width:394px;height:auto\" srcset=\"https:\/\/www.carrefour-de-femmes.org\/app\/uploads\/2025\/09\/close-up-person-holding-up-pink-white-ribbon-300x225.jpg 300w, https:\/\/www.carrefour-de-femmes.org\/app\/uploads\/2025\/09\/close-up-person-holding-up-pink-white-ribbon-1024x768.jpg 1024w, https:\/\/www.carrefour-de-femmes.org\/app\/uploads\/2025\/09\/close-up-person-holding-up-pink-white-ribbon-768x576.jpg 768w, https:\/\/www.carrefour-de-femmes.org\/app\/uploads\/2025\/09\/close-up-person-holding-up-pink-white-ribbon-1536x1152.jpg 1536w, https:\/\/www.carrefour-de-femmes.org\/app\/uploads\/2025\/09\/close-up-person-holding-up-pink-white-ribbon-2048x1536.jpg 2048w, https:\/\/www.carrefour-de-femmes.org\/app\/uploads\/2025\/09\/close-up-person-holding-up-pink-white-ribbon-16x12.jpg 16w\" sizes=\"auto, (max-width: 300px) 100vw, 300px\" \/><\/figure>\n\n\n\n<div class=\"wp-block-buttons is-layout-flex wp-block-buttons-is-layout-flex\">\n<div class=\"wp-block-button\"><a class=\"wp-block-button__link has-pale-pink-background-color has-background wp-element-button\" href=\"https:\/\/www.villers-saint-paul.fr\/agenda\/octobre-rose-ensemble-pour-la-pr%C3%A9vention-et-le-bien-%C3%AAtre\" target=\"_blank\" rel=\"noreferrer noopener\"><strong>\u00a1Descubra el programa de Villers-Saint-Paul!<\/strong><\/a><\/div>\n<\/div>","protected":false},"excerpt":{"rendered":"<p>Juntos, \u00a1mov\u00e1monos por la causa! Durante este mes de apoyo a la lucha contra el c\u00e1ncer de mama, disfrute de una amplia gama de actos deportivos, culturales y educativos. Toda una serie de actos de sensibilizaci\u00f3n, informaci\u00f3n y apoyo a la lucha contra el c\u00e1ncer de mama. \ud83d\udc9d Descarga aqu\u00ed los diferentes programas \u2193<\/p>","protected":false},"author":3,"featured_media":1561,"comment_status":"closed","ping_status":"closed","sticky":false,"template":"","format":"standard","meta":{"_acf_changed":false,"_uag_custom_page_level_css":"","footnotes":""},"categories":[1],"tags":[],"class_list":["post-1566","post","type-post","status-publish","format-standard","has-post-thumbnail","hentry","category-uncategorized"],"acf":[],"uagb_featured_image_src":{"full":["https:\/\/www.carrefour-de-femmes.org\/app\/uploads\/2025\/09\/close-up-person-holding-up-pink-white-ribbon-scaled.jpg",2560,1920,false],"thumbnail":["https:\/\/www.carrefour-de-femmes.org\/app\/uploads\/2025\/09\/close-up-person-holding-up-pink-white-ribbon-150x150.jpg",150,150,true],"medium":["https:\/\/www.carrefour-de-femmes.org\/app\/uploads\/2025\/09\/close-up-person-holding-up-pink-white-ribbon-300x225.jpg",300,225,true],"medium_large":["https:\/\/www.carrefour-de-femmes.org\/app\/uploads\/2025\/09\/close-up-person-holding-up-pink-white-ribbon-768x576.jpg",768,576,true],"large":["https:\/\/www.carrefour-de-femmes.org\/app\/uploads\/2025\/09\/close-up-person-holding-up-pink-white-ribbon-1024x768.jpg",1024,768,true],"1536x1536":["https:\/\/www.carrefour-de-femmes.org\/app\/uploads\/2025\/09\/close-up-person-holding-up-pink-white-ribbon-1536x1152.jpg",1536,1152,true],"2048x2048":["https:\/\/www.carrefour-de-femmes.org\/app\/uploads\/2025\/09\/close-up-person-holding-up-pink-white-ribbon-2048x1536.jpg",2048,1536,true],"trp-custom-language-flag":["https:\/\/www.carrefour-de-femmes.org\/app\/uploads\/2025\/09\/close-up-person-holding-up-pink-white-ribbon-16x12.jpg",16,12,true],"gform-image-choice-sm":["https:\/\/www.carrefour-de-femmes.org\/app\/uploads\/2025\/09\/close-up-person-holding-up-pink-white-ribbon-scaled.jpg",300,225,false],"gform-image-choice-md":["https:\/\/www.carrefour-de-femmes.org\/app\/uploads\/2025\/09\/close-up-person-holding-up-pink-white-ribbon-scaled.jpg",400,300,false],"gform-image-choice-lg":["https:\/\/www.carrefour-de-femmes.org\/app\/uploads\/2025\/09\/close-up-person-holding-up-pink-white-ribbon-scaled.jpg",600,450,false]},"uagb_author_info":{"display_name":"Sheryll Presna","author_link":"https:\/\/www.carrefour-de-femmes.org\/es\/actualites\/author\/s-presna\/"},"uagb_comment_info":0,"uagb_excerpt":"Ensemble, bougeons pour la cause ! En ce mois de soutien \u00e0 la lutte contre le cancer du sein, profitez de nombreuses animations sportives, culturelles ou \u00e9ducatives ! De nombreux rendez-vous pour sensibiliser, informer et soutenir la lutte contre le cancer du sein ! \ud83d\udc9d T\u00e9l\u00e9chargez les diff\u00e9rents programmes juste ici \u2193","_links":{"self":[{"href":"https:\/\/www.carrefour-de-femmes.org\/es\/wp-json\/wp\/v2\/posts\/1566","targetHints":{"allow":["GET"]}}],"collection":[{"href":"https:\/\/www.carrefour-de-femmes.org\/es\/wp-json\/wp\/v2\/posts"}],"about":[{"href":"https:\/\/www.carrefour-de-femmes.org\/es\/wp-json\/wp\/v2\/types\/post"}],"author":[{"embeddable":true,"href":"https:\/\/www.carrefour-de-femmes.org\/es\/wp-json\/wp\/v2\/users\/3"}],"replies":[{"embeddable":true,"href":"https:\/\/www.carrefour-de-femmes.org\/es\/wp-json\/wp\/v2\/comments?post=1566"}],"version-history":[{"count":7,"href":"https:\/\/www.carrefour-de-femmes.org\/es\/wp-json\/wp\/v2\/posts\/1566\/revisions"}],"predecessor-version":[{"id":1598,"href":"https:\/\/www.carrefour-de-femmes.org\/es\/wp-json\/wp\/v2\/posts\/1566\/revisions\/1598"}],"wp:featuredmedia":[{"embeddable":true,"href":"https:\/\/www.carrefour-de-femmes.org\/es\/wp-json\/wp\/v2\/media\/1561"}],"wp:attachment":[{"href":"https:\/\/www.carrefour-de-femmes.org\/es\/wp-json\/wp\/v2\/media?parent=1566"}],"wp:term":[{"taxonomy":"category","embeddable":true,"href":"https:\/\/www.carrefour-de-femmes.org\/es\/wp-json\/wp\/v2\/categories?post=1566"},{"taxonomy":"post_tag","embeddable":true,"href":"https:\/\/www.carrefour-de-femmes.org\/es\/wp-json\/wp\/v2\/tags?post=1566"}],"curies":[{"name":"wp","href":"https:\/\/api.w.org\/{rel}","templated":true}]}}