{"id":1880,"date":"2026-03-12T14:03:36","date_gmt":"2026-03-12T13:03:36","guid":{"rendered":"https:\/\/www.carrefour-de-femmes.org\/?p=1880"},"modified":"2026-04-20T13:36:16","modified_gmt":"2026-04-20T12:36:16","slug":"they-make-up-our-public-space","status":"publish","type":"post","link":"https:\/\/www.carrefour-de-femmes.org\/en\/actualites\/elles-font-notre-espace-public\/","title":{"rendered":"They make up our public space"},"content":{"rendered":"<p><\/p>\n\n\n\n<p>As part of International Women's Rights Day, the ACSO conurbation is launching an audiovisual campaign throughout March to highlight the women who have given their names to streets, squares or buildings in the ACSO area.<\/p>\n\n\n\n<p>Often familiar from our daily journeys, the names that dot public spaces sometimes go unnoticed. Yet behind these street signs lie remarkable careers, strong commitments and major contributions to history, culture, science and social life.<\/p>\n\n\n\n<p>With this campaign, the Conurbation is inviting residents to take a fresh look at their environment. Through a series of audiovisual features broadcast throughout March, discover these inspiring women who left their mark on their era and whose legacy lives on in the heart of our region.<\/p>\n\n\n\n<p>What if, for once, we looked at our streets differently?<\/p>\n\n\n\n<p><\/p>\n\n\n\n<iframe loading=\"lazy\" width=\"400\" height=\"560\" src=\"https:\/\/www.youtube.com\/embed\/XGPPpE8WCww\" style=\"background-color: #FFFFFF\" title=\"YouTube video player\" frameborder=\"0\" allow=\"accelerometer; autoplay; clipboard-write; encrypted-media; gyroscope; picture-in-picture; web-share\" allowfullscreen><\/iframe>\n\n\n\n<iframe width=\"400\" height=\"560\" src=\"https:\/\/www.youtube.com\/embed\/5gujDESplj8\" style=\"background-color: #FFFFFF\" title=\"YouTube video player\" frameborder=\"0\" allow=\"accelerometer; autoplay; clipboard-write; encrypted-media; gyroscope; picture-in-picture; web-share\" allowfullscreen><\/iframe>\n\n\n\n<iframe width=\"400\" height=\"560\" src=\"https:\/\/www.youtube.com\/embed\/yw0LXok7ZKo\" style=\"background-color : #FFFFFF\" title=\"YouTube video player\" frameborder=\"0\" allow=\"accelerometer; autoplay; clipboard-write; encrypted-media; gyroscope; picture-in-picture; web-share\" allowfullscreen><\/iframe>\n\n\n\n<iframe loading=\"lazy\" width=\"400\" height=\"560\" src=\"https:\/\/www.youtube.com\/embed\/iqdRT4D3h0s\" style=\"background-color: #FFFFFF\" title=\"YouTube video player\" frameborder=\"0\" allow=\"accelerometer; autoplay; clipboard-write; encrypted-media; gyroscope; picture-in-picture; web-share\" allowfullscreen><\/iframe>\n\n\n\n<iframe loading=\"lazy\" width=\"400\" height=\"560\" src=\"https:\/\/www.youtube.com\/embed\/s2GxaE55xno\" style=\"background-color: #FFFFFF\" title=\"YouTube video player\" frameborder=\"0\" allow=\"accelerometer; autoplay; clipboard-write; encrypted-media; gyroscope; picture-in-picture; web-share\" allowfullscreen><\/iframe>\n\n\n\n<iframe loading=\"lazy\" width=\"400\" height=\"560\" src=\"https:\/\/www.youtube.com\/embed\/h27zWD5ELR4\" style=\"background-color: #FFFFFF\" title=\"YouTube video player\" frameborder=\"0\" allow=\"accelerometer; autoplay; clipboard-write; encrypted-media; gyroscope; picture-in-picture; web-share\" allowfullscreen><\/iframe>\n\n\n\n<iframe loading=\"lazy\" width=\"400\" height=\"560\" src=\"https:\/\/www.youtube.com\/embed\/-erLWSTLD_I\" style=\"background-color: #FFFFFF\" title=\"YouTube video player\" frameborder=\"0\" allow=\"accelerometer; autoplay; clipboard-write; encrypted-media; gyroscope; picture-in-picture; web-share\" allowfullscreen><\/iframe>\n\n\n\n<iframe loading=\"lazy\" width=\"400\" height=\"560\" src=\"https:\/\/www.youtube.com\/embed\/c6FTlad2UP0\" style=\"background-color: #FFFFFF\" title=\"YouTube video player\" frameborder=\"0\" allow=\"accelerometer; autoplay; clipboard-write; encrypted-media; gyroscope; picture-in-picture; web-share\" allowfullscreen><\/iframe>\n\n\n\n<p><\/p>","protected":false},"excerpt":{"rendered":"<p>Dans le cadre de la Journ\u00e9e internationale des droits des femmes, l\u2019Agglom\u00e9ration lance tout au long du mois de mars une campagne audiovisuelle destin\u00e9e \u00e0 mettre en lumi\u00e8re les femmes qui ont donn\u00e9 leur nom \u00e0 des rues, des places ou des b\u00e2timents sur le territoire de l\u2019ACSO. Souvent familiers de nos trajets quotidiens, les [&hellip;]<\/p>\n","protected":false},"author":4,"featured_media":1881,"comment_status":"closed","ping_status":"closed","sticky":false,"template":"","format":"standard","meta":{"_acf_changed":false,"_uag_custom_page_level_css":"","footnotes":""},"categories":[9],"tags":[],"class_list":["post-1880","post","type-post","status-publish","format-standard","has-post-thumbnail","hentry","category-actualite"],"acf":[],"uagb_featured_image_src":{"full":["https:\/\/www.carrefour-de-femmes.org\/app\/uploads\/2026\/03\/Capture-decran-2026-03-11-181456.jpg",1546,883,false],"thumbnail":["https:\/\/www.carrefour-de-femmes.org\/app\/uploads\/2026\/03\/Capture-decran-2026-03-11-181456-150x150.jpg",150,150,true],"medium":["https:\/\/www.carrefour-de-femmes.org\/app\/uploads\/2026\/03\/Capture-decran-2026-03-11-181456-300x171.jpg",300,171,true],"medium_large":["https:\/\/www.carrefour-de-femmes.org\/app\/uploads\/2026\/03\/Capture-decran-2026-03-11-181456-768x439.jpg",768,439,true],"large":["https:\/\/www.carrefour-de-femmes.org\/app\/uploads\/2026\/03\/Capture-decran-2026-03-11-181456-1024x585.jpg",1024,585,true],"1536x1536":["https:\/\/www.carrefour-de-femmes.org\/app\/uploads\/2026\/03\/Capture-decran-2026-03-11-181456-1536x877.jpg",1536,877,true],"2048x2048":["https:\/\/www.carrefour-de-femmes.org\/app\/uploads\/2026\/03\/Capture-decran-2026-03-11-181456.jpg",1546,883,false],"trp-custom-language-flag":["https:\/\/www.carrefour-de-femmes.org\/app\/uploads\/2026\/03\/Capture-decran-2026-03-11-181456-18x10.jpg",18,10,true],"gform-image-choice-sm":["https:\/\/www.carrefour-de-femmes.org\/app\/uploads\/2026\/03\/Capture-decran-2026-03-11-181456.jpg",300,171,false],"gform-image-choice-md":["https:\/\/www.carrefour-de-femmes.org\/app\/uploads\/2026\/03\/Capture-decran-2026-03-11-181456.jpg",400,228,false],"gform-image-choice-lg":["https:\/\/www.carrefour-de-femmes.org\/app\/uploads\/2026\/03\/Capture-decran-2026-03-11-181456.jpg",600,343,false]},"uagb_author_info":{"display_name":"j.megueule","author_link":"https:\/\/www.carrefour-de-femmes.org\/en\/actualites\/author\/j-megueule\/"},"uagb_comment_info":0,"uagb_excerpt":"Dans le cadre de la Journ\u00e9e internationale des droits des femmes, l\u2019Agglom\u00e9ration lance tout au long du mois de mars une campagne audiovisuelle destin\u00e9e \u00e0 mettre en lumi\u00e8re les femmes qui ont donn\u00e9 leur nom \u00e0 des rues, des places ou des b\u00e2timents sur le territoire de l\u2019ACSO. Souvent familiers de nos trajets quotidiens, les&hellip;","_links":{"self":[{"href":"https:\/\/www.carrefour-de-femmes.org\/en\/wp-json\/wp\/v2\/posts\/1880","targetHints":{"allow":["GET"]}}],"collection":[{"href":"https:\/\/www.carrefour-de-femmes.org\/en\/wp-json\/wp\/v2\/posts"}],"about":[{"href":"https:\/\/www.carrefour-de-femmes.org\/en\/wp-json\/wp\/v2\/types\/post"}],"author":[{"embeddable":true,"href":"https:\/\/www.carrefour-de-femmes.org\/en\/wp-json\/wp\/v2\/users\/4"}],"replies":[{"embeddable":true,"href":"https:\/\/www.carrefour-de-femmes.org\/en\/wp-json\/wp\/v2\/comments?post=1880"}],"version-history":[{"count":20,"href":"https:\/\/www.carrefour-de-femmes.org\/en\/wp-json\/wp\/v2\/posts\/1880\/revisions"}],"predecessor-version":[{"id":1929,"href":"https:\/\/www.carrefour-de-femmes.org\/en\/wp-json\/wp\/v2\/posts\/1880\/revisions\/1929"}],"wp:featuredmedia":[{"embeddable":true,"href":"https:\/\/www.carrefour-de-femmes.org\/en\/wp-json\/wp\/v2\/media\/1881"}],"wp:attachment":[{"href":"https:\/\/www.carrefour-de-femmes.org\/en\/wp-json\/wp\/v2\/media?parent=1880"}],"wp:term":[{"taxonomy":"category","embeddable":true,"href":"https:\/\/www.carrefour-de-femmes.org\/en\/wp-json\/wp\/v2\/categories?post=1880"},{"taxonomy":"post_tag","embeddable":true,"href":"https:\/\/www.carrefour-de-femmes.org\/en\/wp-json\/wp\/v2\/tags?post=1880"}],"curies":[{"name":"wp","href":"https:\/\/api.w.org\/{rel}","templated":true}]}}