{"id":1566,"date":"2025-09-26T10:13:09","date_gmt":"2025-09-26T09:13:09","guid":{"rendered":"https:\/\/www.carrefour-de-femmes.org\/?p=1566"},"modified":"2025-09-30T09:20:36","modified_gmt":"2025-09-30T08:20:36","slug":"%d9%88%d8%b1%d8%af%d8%a9-%d8%a3%d9%83%d8%aa%d9%88%d8%a8%d8%b1-%d8%a7%d9%83%d8%aa%d8%b4%d9%81-%d8%a7%d9%84%d8%a8%d8%b1%d9%86%d8%a7%d9%85%d8%ac-%d8%a7%d9%84%d9%85%d8%ad%d9%84%d9%8a","status":"publish","type":"post","link":"https:\/\/www.carrefour-de-femmes.org\/ar\/actualites\/octobre-rose-decouvrez-le-programme-des-communes\/","title":{"rendered":"OCTOBRE ROSE: \u0627\u0643\u062a\u0634\u0641 \u0627\u0644\u0628\u0631\u0646\u0627\u0645\u062c \u0627\u0644\u0645\u062d\u0644\u064a"},"content":{"rendered":"<p><strong>\u0644\u0646\u062a\u062d\u0631\u0643 \u0645\u0639\u0627\u064b \u0645\u0646 \u0623\u062c\u0644 \u0627\u0644\u0642\u0636\u064a\u0629!<\/strong><\/p>\n\n\n\n<p>\u0641\u064a \u0647\u0630\u0627 \u0627\u0644\u0634\u0647\u0631 \u0645\u0646 \u0627\u0644\u062f\u0639\u0645 \u0644\u0640 <strong>\u0645\u0643\u0627\u0641\u062d\u0629 \u0633\u0631\u0637\u0627\u0646 \u0627\u0644\u062b\u062f\u064a<\/strong>\u0647\u0646\u0627\u0643 \u0627\u0644\u0643\u062b\u064a\u0631 \u0645\u0646 \u0627\u0644\u0641\u0639\u0627\u0644\u064a\u0627\u062a \u0627\u0644\u0631\u064a\u0627\u0636\u064a\u0629 \u0648\u0627\u0644\u062b\u0642\u0627\u0641\u064a\u0629 \u0648\u0627\u0644\u062a\u0639\u0644\u064a\u0645\u064a\u0629 \u0627\u0644\u0645\u0639\u0631\u0648\u0636\u0629! \u0645\u062c\u0645\u0648\u0639\u0629 \u0643\u0627\u0645\u0644\u0629 \u0645\u0646 \u0627\u0644\u0641\u0639\u0627\u0644\u064a\u0627\u062a \u0644\u0632\u064a\u0627\u062f\u0629 \u0627\u0644\u0648\u0639\u064a \u0648\u062a\u0648\u0641\u064a\u0631 \u0627\u0644\u0645\u0639\u0644\u0648\u0645\u0627\u062a \u0648\u062f\u0639\u0645 \u0645\u0643\u0627\u0641\u062d\u0629 \u0633\u0631\u0637\u0627\u0646 \u0627\u0644\u062b\u062f\u064a! \ud83d\udc9d<\/p>\n\n\n\n<h2 class=\"wp-block-heading\"><strong>\u062d\u0645\u0644 \u0627\u0644\u0628\u0631\u0627\u0645\u062c \u0627\u0644\u0645\u062e\u062a\u0644\u0641\u0629 \u0645\u0646 \u0647\u0646\u0627 \u2193<\/strong><\/h2>\n\n\n\n<div data-wp-interactive=\"core\/file\" class=\"wp-block-file\"><object data-wp-bind--hidden=\"!state.hasPdfPreview\" hidden class=\"wp-block-file__embed\" data=\"https:\/\/www.carrefour-de-femmes.org\/app\/uploads\/2025\/09\/Montataire-Octobre-rose.pdf\" type=\"application\/pdf\" style=\"width:100%;height:440px\" aria-label=\"\u062a\u0636\u0645\u064a\u0646 Montataire - Octobre rose.\"><\/object><a id=\"wp-block-file--media-def1fb51-b2fe-4e37-afbf-d539c7edc9f2\" href=\"https:\/\/www.carrefour-de-femmes.org\/ar\/app\/uploads\/2025\/09\/Montataire-Octobre-rose.pdf\/\">\u0645\u0648\u0646\u062a\u0627\u062a\u064a\u0631 - \u0623\u0643\u062a\u0648\u0628\u0631 \u0627\u0644\u0648\u0631\u062f\u064a<\/a><a href=\"https:\/\/www.carrefour-de-femmes.org\/ar\/app\/uploads\/2025\/09\/Montataire-Octobre-rose.pdf\/\" class=\"wp-block-file__button wp-element-button\" download aria-describedby=\"wp-block-file--media-def1fb51-b2fe-4e37-afbf-d539c7edc9f2\">\u062a\u0646\u0632\u064a\u0644<\/a><\/div>\n\n\n\n<p><\/p>\n\n\n\n<div data-wp-interactive=\"core\/file\" class=\"wp-block-file\"><object data-wp-bind--hidden=\"!state.hasPdfPreview\" hidden class=\"wp-block-file__embed\" data=\"https:\/\/www.carrefour-de-femmes.org\/app\/uploads\/2025\/09\/Saint-Maximin-Octobre-rose.pdf\" type=\"application\/pdf\" style=\"width:100%;height:420px\" aria-label=\"\u062a\u0636\u0645\u064a\u0646 Saint-Maximin - Octobre rose.\"><\/object><a id=\"wp-block-file--media-6c2c2ee6-26d7-4327-81ae-0bfddcbaa7ba\" href=\"https:\/\/www.carrefour-de-femmes.org\/ar\/app\/uploads\/2025\/09\/Saint-Maximin-Octobre-rose.pdf\/\">\u0633\u0627\u0646 \u0645\u0627\u0643\u0633\u064a\u0645\u064a\u0646 - \u0623\u0643\u062a\u0648\u0628\u0631 \u0627\u0644\u0648\u0631\u062f\u064a<\/a><a href=\"https:\/\/www.carrefour-de-femmes.org\/ar\/app\/uploads\/2025\/09\/Saint-Maximin-Octobre-rose.pdf\/\" class=\"wp-block-file__button wp-element-button\" download aria-describedby=\"wp-block-file--media-6c2c2ee6-26d7-4327-81ae-0bfddcbaa7ba\">\u062a\u0646\u0632\u064a\u0644<\/a><\/div>\n\n\n\n<p><\/p>\n\n\n\n<div data-wp-interactive=\"core\/file\" class=\"wp-block-file\"><object data-wp-bind--hidden=\"!state.hasPdfPreview\" hidden class=\"wp-block-file__embed\" data=\"https:\/\/www.carrefour-de-femmes.org\/app\/uploads\/2025\/09\/Creil-Octobre-rose.pdf\" type=\"application\/pdf\" style=\"width:100%;height:430px\" aria-label=\"\u062a\u0636\u0645\u064a\u0646 Creil - Octobre rose.\"><\/object><a id=\"wp-block-file--media-70e735f2-1c00-4c85-b94a-488f87f79e0c\" href=\"https:\/\/www.carrefour-de-femmes.org\/ar\/app\/uploads\/2025\/09\/Creil-Octobre-rose.pdf\/\">\u0643\u0631\u064a\u0644 - \u0623\u0643\u062a\u0648\u0628\u0631 \u0627\u0644\u0648\u0631\u062f\u064a<\/a><a href=\"https:\/\/www.carrefour-de-femmes.org\/ar\/app\/uploads\/2025\/09\/Creil-Octobre-rose.pdf\/\" class=\"wp-block-file__button wp-element-button\" download aria-describedby=\"wp-block-file--media-70e735f2-1c00-4c85-b94a-488f87f79e0c\">\u062a\u0646\u0632\u064a\u0644<\/a><\/div>\n\n\n\n<p><\/p>\n\n\n\n<div data-wp-interactive=\"core\/file\" class=\"wp-block-file\"><object data-wp-bind--hidden=\"!state.hasPdfPreview\" hidden class=\"wp-block-file__embed\" data=\"https:\/\/www.carrefour-de-femmes.org\/app\/uploads\/2025\/09\/Saint-Leu-dEsserent-Octobre-rose.pdf\" type=\"application\/pdf\" style=\"width:100%;height:440px\" aria-label=\"\u062a\u0636\u0645\u064a\u0646 Saint-Leu d&apos;Esserent -Octobre rose.\"><\/object><a id=\"wp-block-file--media-bd20fb46-0c68-4f7e-a581-1dc55e76291c\" href=\"https:\/\/www.carrefour-de-femmes.org\/ar\/app\/uploads\/2025\/09\/Saint-Leu-dEsserent-Octobre-rose.pdf\/\">\u0633\u0627\u0646 \u0644\u064a\u0648 \u062f\u064a\u0632\u064a\u0631\u064a\u0647 - \u0623\u0643\u062a\u0648\u0628\u0631 \u0627\u0644\u0648\u0631\u062f\u064a<\/a><a href=\"https:\/\/www.carrefour-de-femmes.org\/ar\/app\/uploads\/2025\/09\/Saint-Leu-dEsserent-Octobre-rose.pdf\/\" class=\"wp-block-file__button wp-element-button\" download aria-describedby=\"wp-block-file--media-bd20fb46-0c68-4f7e-a581-1dc55e76291c\">\u062a\u0646\u0632\u064a\u0644<\/a><\/div>\n\n\n\n<p><\/p>\n\n\n\n<figure class=\"wp-block-image size-large\"><img loading=\"lazy\" decoding=\"async\" width=\"1024\" height=\"433\" src=\"https:\/\/www.carrefour-de-femmes.org\/app\/uploads\/2025\/09\/SIA_FemmesdeCoeur-1024x433.png\" alt=\"\" class=\"wp-image-1579\" srcset=\"https:\/\/www.carrefour-de-femmes.org\/app\/uploads\/2025\/09\/SIA_FemmesdeCoeur-1024x433.png 1024w, https:\/\/www.carrefour-de-femmes.org\/app\/uploads\/2025\/09\/SIA_FemmesdeCoeur-300x127.png 300w, https:\/\/www.carrefour-de-femmes.org\/app\/uploads\/2025\/09\/SIA_FemmesdeCoeur-768x325.png 768w, https:\/\/www.carrefour-de-femmes.org\/app\/uploads\/2025\/09\/SIA_FemmesdeCoeur-18x8.png 18w, https:\/\/www.carrefour-de-femmes.org\/app\/uploads\/2025\/09\/SIA_FemmesdeCoeur.png 1325w\" sizes=\"auto, (max-width: 1024px) 100vw, 1024px\" \/><\/figure>\n\n\n\n<div class=\"wp-block-buttons is-layout-flex wp-block-buttons-is-layout-flex\">\n<div class=\"wp-block-button is-style-fill\"><a class=\"wp-block-button__link has-pale-pink-background-color has-background wp-element-button\" href=\"https:\/\/www.nogentsuroise.fr\/agenda\/1303-marche-solidaire-pour-octobre-rose\/2025-10-11-10-00\" target=\"_blank\" rel=\"noreferrer noopener\"><strong>\u0627\u0643\u062a\u0634\u0641 \u0628\u0631\u0646\u0627\u0645\u062c \u0646\u0648\u062c\u0627\u0646-\u0633\u0648\u0631-\u0623\u0648\u0627\u0632!<\/strong><\/a><\/div>\n<\/div>\n\n\n\n<p><\/p>\n\n\n\n<figure class=\"wp-block-image size-medium is-resized\"><img loading=\"lazy\" decoding=\"async\" width=\"300\" height=\"225\" src=\"https:\/\/www.carrefour-de-femmes.org\/app\/uploads\/2025\/09\/close-up-person-holding-up-pink-white-ribbon-300x225.jpg\" alt=\"\" class=\"wp-image-1561\" style=\"width:394px;height:auto\" srcset=\"https:\/\/www.carrefour-de-femmes.org\/app\/uploads\/2025\/09\/close-up-person-holding-up-pink-white-ribbon-300x225.jpg 300w, https:\/\/www.carrefour-de-femmes.org\/app\/uploads\/2025\/09\/close-up-person-holding-up-pink-white-ribbon-1024x768.jpg 1024w, https:\/\/www.carrefour-de-femmes.org\/app\/uploads\/2025\/09\/close-up-person-holding-up-pink-white-ribbon-768x576.jpg 768w, https:\/\/www.carrefour-de-femmes.org\/app\/uploads\/2025\/09\/close-up-person-holding-up-pink-white-ribbon-1536x1152.jpg 1536w, https:\/\/www.carrefour-de-femmes.org\/app\/uploads\/2025\/09\/close-up-person-holding-up-pink-white-ribbon-2048x1536.jpg 2048w, https:\/\/www.carrefour-de-femmes.org\/app\/uploads\/2025\/09\/close-up-person-holding-up-pink-white-ribbon-16x12.jpg 16w\" sizes=\"auto, (max-width: 300px) 100vw, 300px\" \/><\/figure>\n\n\n\n<div class=\"wp-block-buttons is-layout-flex wp-block-buttons-is-layout-flex\">\n<div class=\"wp-block-button\"><a class=\"wp-block-button__link has-pale-pink-background-color has-background wp-element-button\" href=\"https:\/\/www.villers-saint-paul.fr\/agenda\/octobre-rose-ensemble-pour-la-pr%C3%A9vention-et-le-bien-%C3%AAtre\" target=\"_blank\" rel=\"noreferrer noopener\"><strong>\u0627\u0643\u062a\u0634\u0641 \u0628\u0631\u0646\u0627\u0645\u062c \u0641\u064a\u0644\u064a\u0631 \u0633\u0627\u0646 \u0628\u0648\u0644!<\/strong><\/a><\/div>\n<\/div>","protected":false},"excerpt":{"rendered":"<p>\u0644\u0646\u062a\u062d\u0631\u0643 \u0645\u0639\u0627\u064b \u0645\u0646 \u0623\u062c\u0644 \u0647\u0630\u0647 \u0627\u0644\u0642\u0636\u064a\u0629! \u062e\u0644\u0627\u0644 \u0647\u0630\u0627 \u0627\u0644\u0634\u0647\u0631 \u0645\u0646 \u0627\u0644\u062f\u0639\u0645 \u0644\u0645\u0643\u0627\u0641\u062d\u0629 \u0633\u0631\u0637\u0627\u0646 \u0627\u0644\u062b\u062f\u064a\u060c \u0627\u0633\u062a\u0641\u062f \u0645\u0646 \u0645\u062c\u0645\u0648\u0639\u0629 \u0643\u0628\u064a\u0631\u0629 \u0645\u0646 \u0627\u0644\u0641\u0639\u0627\u0644\u064a\u0627\u062a \u0627\u0644\u0631\u064a\u0627\u0636\u064a\u0629 \u0648\u0627\u0644\u062b\u0642\u0627\u0641\u064a\u0629 \u0648\u0627\u0644\u062a\u0639\u0644\u064a\u0645\u064a\u0629! \u0645\u062c\u0645\u0648\u0639\u0629 \u0643\u0627\u0645\u0644\u0629 \u0645\u0646 \u0627\u0644\u0641\u0639\u0627\u0644\u064a\u0627\u062a \u0644\u0632\u064a\u0627\u062f\u0629 \u0627\u0644\u0648\u0639\u064a \u0648\u062a\u0648\u0641\u064a\u0631 \u0627\u0644\u0645\u0639\u0644\u0648\u0645\u0627\u062a \u0648\u062f\u0639\u0645 \u0645\u0643\u0627\u0641\u062d\u0629 \u0633\u0631\u0637\u0627\u0646 \u0627\u0644\u062b\u062f\u064a! \ud83d\udc9d \u0642\u0645 \u0628\u062a\u0646\u0632\u064a\u0644 \u0627\u0644\u0628\u0631\u0627\u0645\u062c \u0627\u0644\u0645\u062e\u062a\u0644\u0641\u0629 \u0647\u0646\u0627 \u2193<\/p>","protected":false},"author":3,"featured_media":1561,"comment_status":"closed","ping_status":"closed","sticky":false,"template":"","format":"standard","meta":{"_acf_changed":false,"_uag_custom_page_level_css":"","footnotes":""},"categories":[1],"tags":[],"class_list":["post-1566","post","type-post","status-publish","format-standard","has-post-thumbnail","hentry","category-uncategorized"],"acf":[],"uagb_featured_image_src":{"full":["https:\/\/www.carrefour-de-femmes.org\/app\/uploads\/2025\/09\/close-up-person-holding-up-pink-white-ribbon-scaled.jpg",2560,1920,false],"thumbnail":["https:\/\/www.carrefour-de-femmes.org\/app\/uploads\/2025\/09\/close-up-person-holding-up-pink-white-ribbon-150x150.jpg",150,150,true],"medium":["https:\/\/www.carrefour-de-femmes.org\/app\/uploads\/2025\/09\/close-up-person-holding-up-pink-white-ribbon-300x225.jpg",300,225,true],"medium_large":["https:\/\/www.carrefour-de-femmes.org\/app\/uploads\/2025\/09\/close-up-person-holding-up-pink-white-ribbon-768x576.jpg",768,576,true],"large":["https:\/\/www.carrefour-de-femmes.org\/app\/uploads\/2025\/09\/close-up-person-holding-up-pink-white-ribbon-1024x768.jpg",1024,768,true],"1536x1536":["https:\/\/www.carrefour-de-femmes.org\/app\/uploads\/2025\/09\/close-up-person-holding-up-pink-white-ribbon-1536x1152.jpg",1536,1152,true],"2048x2048":["https:\/\/www.carrefour-de-femmes.org\/app\/uploads\/2025\/09\/close-up-person-holding-up-pink-white-ribbon-2048x1536.jpg",2048,1536,true],"trp-custom-language-flag":["https:\/\/www.carrefour-de-femmes.org\/app\/uploads\/2025\/09\/close-up-person-holding-up-pink-white-ribbon-16x12.jpg",16,12,true],"gform-image-choice-sm":["https:\/\/www.carrefour-de-femmes.org\/app\/uploads\/2025\/09\/close-up-person-holding-up-pink-white-ribbon-scaled.jpg",300,225,false],"gform-image-choice-md":["https:\/\/www.carrefour-de-femmes.org\/app\/uploads\/2025\/09\/close-up-person-holding-up-pink-white-ribbon-scaled.jpg",400,300,false],"gform-image-choice-lg":["https:\/\/www.carrefour-de-femmes.org\/app\/uploads\/2025\/09\/close-up-person-holding-up-pink-white-ribbon-scaled.jpg",600,450,false]},"uagb_author_info":{"display_name":"Sheryll Presna","author_link":"https:\/\/www.carrefour-de-femmes.org\/ar\/actualites\/author\/s-presna\/"},"uagb_comment_info":0,"uagb_excerpt":"Ensemble, bougeons pour la cause ! En ce mois de soutien \u00e0 la lutte contre le cancer du sein, profitez de nombreuses animations sportives, culturelles ou \u00e9ducatives ! De nombreux rendez-vous pour sensibiliser, informer et soutenir la lutte contre le cancer du sein ! \ud83d\udc9d T\u00e9l\u00e9chargez les diff\u00e9rents programmes juste ici \u2193","_links":{"self":[{"href":"https:\/\/www.carrefour-de-femmes.org\/ar\/wp-json\/wp\/v2\/posts\/1566","targetHints":{"allow":["GET"]}}],"collection":[{"href":"https:\/\/www.carrefour-de-femmes.org\/ar\/wp-json\/wp\/v2\/posts"}],"about":[{"href":"https:\/\/www.carrefour-de-femmes.org\/ar\/wp-json\/wp\/v2\/types\/post"}],"author":[{"embeddable":true,"href":"https:\/\/www.carrefour-de-femmes.org\/ar\/wp-json\/wp\/v2\/users\/3"}],"replies":[{"embeddable":true,"href":"https:\/\/www.carrefour-de-femmes.org\/ar\/wp-json\/wp\/v2\/comments?post=1566"}],"version-history":[{"count":7,"href":"https:\/\/www.carrefour-de-femmes.org\/ar\/wp-json\/wp\/v2\/posts\/1566\/revisions"}],"predecessor-version":[{"id":1598,"href":"https:\/\/www.carrefour-de-femmes.org\/ar\/wp-json\/wp\/v2\/posts\/1566\/revisions\/1598"}],"wp:featuredmedia":[{"embeddable":true,"href":"https:\/\/www.carrefour-de-femmes.org\/ar\/wp-json\/wp\/v2\/media\/1561"}],"wp:attachment":[{"href":"https:\/\/www.carrefour-de-femmes.org\/ar\/wp-json\/wp\/v2\/media?parent=1566"}],"wp:term":[{"taxonomy":"category","embeddable":true,"href":"https:\/\/www.carrefour-de-femmes.org\/ar\/wp-json\/wp\/v2\/categories?post=1566"},{"taxonomy":"post_tag","embeddable":true,"href":"https:\/\/www.carrefour-de-femmes.org\/ar\/wp-json\/wp\/v2\/tags?post=1566"}],"curies":[{"name":"wp","href":"https:\/\/api.w.org\/{rel}","templated":true}]}}