{"id":1468,"date":"2025-07-15T10:18:37","date_gmt":"2025-07-15T09:18:37","guid":{"rendered":"https:\/\/www.carrefour-de-femmes.org\/?p=1468"},"modified":"2025-07-15T10:24:26","modified_gmt":"2025-07-15T09:24:26","slug":"%d8%a7%d9%83%d8%aa%d8%b4%d9%81-%d8%a8%d8%b1%d9%86%d8%a7%d9%85%d8%ac-%d8%b4%d9%87%d8%b1-%d9%8a%d9%88%d9%84%d9%8a%d9%88","status":"publish","type":"post","link":"https:\/\/www.carrefour-de-femmes.org\/ar\/actualites\/decouvrez-le-programme-de-juillet\/","title":{"rendered":"\u0627\u0643\u062a\u0634\u0641 \u0628\u0631\u0646\u0627\u0645\u062c \u0634\u0647\u0631 \u064a\u0648\u0644\u064a\u0648 \ud83c\udf8a"},"content":{"rendered":"<p><img loading=\"lazy\" decoding=\"async\" height=\"16\" width=\"16\" src=\"https:\/\/static.xx.fbcdn.net\/images\/emoji.php\/v9\/t6d\/1\/16\/2600.png\" alt=\"\u2600\"> \u064a\u0639\u062f \u0627\u0644\u0635\u064a\u0641 \u0628\u0623\u0646 \u064a\u0643\u0648\u0646 \u0627\u0644\u0635\u064a\u0641 \u0645\u0644\u064a\u0626\u0627\u064b \u0628\u0627\u0644\u0644\u0642\u0627\u0621\u0627\u062a \u0648\u0627\u0644\u0627\u0643\u062a\u0634\u0627\u0641\u0627\u062a \u0644\u0641\u0631\u064a\u0642 \u0643\u0627\u0631\u0641\u0648\u0631 \u062f\u064a \u0641\u064a\u0645\u0632!<\/p>\n\n\n\n<p><img loading=\"lazy\" decoding=\"async\" height=\"16\" width=\"16\" alt=\"\ud83d\udcc5\" src=\"https:\/\/static.xx.fbcdn.net\/images\/emoji.php\/v9\/t7e\/1\/16\/1f4c5.png\"> \u0648\u0631\u0634 \u0639\u0645\u0644 \u0625\u0628\u062f\u0627\u0639\u064a\u0629\u060c \u0648\u0645\u0646\u062a\u062f\u064a\u0627\u062a \u0646\u0642\u0627\u0634\u064a\u0629\u060c \u0648\u062f\u0639\u0645 \u0631\u064a\u0627\u062f\u0629 \u0627\u0644\u0623\u0639\u0645\u0627\u0644\u060c \u0648\u062c\u0644\u0633\u0627\u062a \u0627\u0644\u0631\u0641\u0627\u0647\u064a\u0629\u060c \u0648\u0641\u0639\u0627\u0644\u064a\u0627\u062a \u0641\u064a \u0627\u0644\u0647\u0648\u0627\u0621 \u0627\u0644\u0637\u0644\u0642 \u0641\u064a \u0645\u062e\u062a\u0644\u0641 \u0645\u0646\u0627\u0637\u0642 \u0622\u063a\u0644\u0648 \u0645\u0639 \u0627\u0644\u0645\u0643\u064a\u0627\u062c \u0627\u0644\u0644\u0627\u0645\u0639 \u0648\u0627\u0644\u0645\u0633\u0627\u0628\u0642\u0627\u062a \u0648\u0627\u0644\u0623\u0644\u0639\u0627\u0628 \u0648\u0627\u0644\u062a\u0648\u0639\u064a\u0629 \u0628\u0634\u0623\u0646 \u0627\u0644\u0645\u0633\u0627\u0648\u0627\u0629!<\/p>\n\n\n\n<p>\u0647\u0646\u0627\u0643 \u0645\u0627 \u064a\u0646\u0627\u0633\u0628 \u0643\u0644 \u0627\u0644\u0623\u0630\u0648\u0627\u0642 \u0648\u0643\u0644 \u0627\u0644\u0623\u0639\u0645\u0627\u0631!<\/p>\n\n\n\n<p><img loading=\"lazy\" decoding=\"async\" height=\"16\" width=\"16\" alt=\"\ud83d\udccd\" src=\"https:\/\/static.xx.fbcdn.net\/images\/emoji.php\/v9\/t2d\/1\/16\/1f4cd.png\">A<a><\/a>\u0623\u0646\u0634\u0637\u0629 \u0641\u064a \u0643\u0631\u064a\u0644 \u0648\u0645\u0648\u0646\u062a\u0627\u062a\u064a\u0631 \u0648\u0641\u064a\u0644\u064a\u0631 \u0633\u0627\u0646 \u0628\u0648\u0644 \u0648\u063a\u064a\u0631\u0647\u0627!<\/p>\n\n\n\n<h2 class=\"wp-block-heading\">\u0627\u0639\u0631\u0641 \u0627\u0644\u0645\u0632\u064a\u062f \u0639\u0646 \u0627\u0644\u0628\u0631\u0646\u0627\u0645\u062c \u0647\u0646\u0627 \ud83d\udc47<\/h2>\n\n\n\n<div data-wp-interactive=\"core\/file\" class=\"wp-block-file\"><object data-wp-bind--hidden=\"!state.hasPdfPreview\" hidden class=\"wp-block-file__embed\" data=\"https:\/\/www.carrefour-de-femmes.org\/app\/uploads\/2025\/07\/Programmation-juillet-2025-A4-2.pdf\" type=\"application\/pdf\" style=\"width:100%;height:600px\" aria-label=\"\u062a\u0636\u0645\u064a\u0646 \u0628\u0631\u0645\u062c\u0629 \u064a\u0648\u0644\u064a\u0648 2025 \u064a\u0648\u0644\u064a\u0648 20254 A4 (2).\"><\/object><a id=\"wp-block-file--media-4d05c296-5dbf-4607-b845-9ef80d4c43c5\" href=\"https:\/\/www.carrefour-de-femmes.org\/ar\/app\/uploads\/2025\/07\/Programmation-juillet-2025-A4-2.pdf\/\">\u0627\u0644\u0628\u0631\u0645\u062c\u0629 \u064a\u0648\u0644\u064a\u0648 2025 \u064a\u0648\u0644\u064a\u0648 2025 A4 (2)<\/a><a href=\"https:\/\/www.carrefour-de-femmes.org\/ar\/app\/uploads\/2025\/07\/Programmation-juillet-2025-A4-2.pdf\/\" class=\"wp-block-file__button wp-element-button\" download aria-describedby=\"wp-block-file--media-4d05c296-5dbf-4607-b845-9ef80d4c43c5\">\u062a\u0646\u0632\u064a\u0644<\/a><\/div>","protected":false},"excerpt":{"rendered":"<p>L\u2019\u00e9t\u00e9 s\u2019annonce riche en rencontres et en d\u00e9couvertes pour l&rsquo;\u00e9quipe Carrefour de Femmes ! Ateliers cr\u00e9atifs, temps d\u2019\u00e9change, accompagnement \u00e0 l\u2019entrepreneuriat, moment de bien-\u00eatre, animations hors les murs diff\u00e9rents quartiers de l\u2019Agglo avec maquillage \u00e0 paillettes, quiz, jeux et sensibilisation sur l\u2019\u00e9galit\u00e9 ! Il y en a pour tous les go\u00fbts et tous les \u00e2ges [&hellip;]<\/p>\n","protected":false},"author":3,"featured_media":1460,"comment_status":"closed","ping_status":"closed","sticky":false,"template":"","format":"standard","meta":{"_acf_changed":false,"_uag_custom_page_level_css":"","footnotes":""},"categories":[9],"tags":[],"class_list":["post-1468","post","type-post","status-publish","format-standard","has-post-thumbnail","hentry","category-actualite"],"acf":[],"uagb_featured_image_src":{"full":["https:\/\/www.carrefour-de-femmes.org\/app\/uploads\/2025\/07\/1000003600-scaled.jpg",1920,2560,false],"thumbnail":["https:\/\/www.carrefour-de-femmes.org\/app\/uploads\/2025\/07\/1000003600-150x150.jpg",150,150,true],"medium":["https:\/\/www.carrefour-de-femmes.org\/app\/uploads\/2025\/07\/1000003600-225x300.jpg",225,300,true],"medium_large":["https:\/\/www.carrefour-de-femmes.org\/app\/uploads\/2025\/07\/1000003600-768x1024.jpg",768,1024,true],"large":["https:\/\/www.carrefour-de-femmes.org\/app\/uploads\/2025\/07\/1000003600-768x1024.jpg",768,1024,true],"1536x1536":["https:\/\/www.carrefour-de-femmes.org\/app\/uploads\/2025\/07\/1000003600-1152x1536.jpg",1152,1536,true],"2048x2048":["https:\/\/www.carrefour-de-femmes.org\/app\/uploads\/2025\/07\/1000003600-1536x2048.jpg",1536,2048,true],"trp-custom-language-flag":["https:\/\/www.carrefour-de-femmes.org\/app\/uploads\/2025\/07\/1000003600-9x12.jpg",9,12,true],"gform-image-choice-sm":["https:\/\/www.carrefour-de-femmes.org\/app\/uploads\/2025\/07\/1000003600-scaled.jpg",225,300,false],"gform-image-choice-md":["https:\/\/www.carrefour-de-femmes.org\/app\/uploads\/2025\/07\/1000003600-scaled.jpg",300,400,false],"gform-image-choice-lg":["https:\/\/www.carrefour-de-femmes.org\/app\/uploads\/2025\/07\/1000003600-scaled.jpg",450,600,false]},"uagb_author_info":{"display_name":"Sheryll Presna","author_link":"https:\/\/www.carrefour-de-femmes.org\/ar\/actualites\/author\/s-presna\/"},"uagb_comment_info":0,"uagb_excerpt":"L\u2019\u00e9t\u00e9 s\u2019annonce riche en rencontres et en d\u00e9couvertes pour l&rsquo;\u00e9quipe Carrefour de Femmes ! Ateliers cr\u00e9atifs, temps d\u2019\u00e9change, accompagnement \u00e0 l\u2019entrepreneuriat, moment de bien-\u00eatre, animations hors les murs diff\u00e9rents quartiers de l\u2019Agglo avec maquillage \u00e0 paillettes, quiz, jeux et sensibilisation sur l\u2019\u00e9galit\u00e9 ! Il y en a pour tous les go\u00fbts et tous les \u00e2ges&hellip;","_links":{"self":[{"href":"https:\/\/www.carrefour-de-femmes.org\/ar\/wp-json\/wp\/v2\/posts\/1468","targetHints":{"allow":["GET"]}}],"collection":[{"href":"https:\/\/www.carrefour-de-femmes.org\/ar\/wp-json\/wp\/v2\/posts"}],"about":[{"href":"https:\/\/www.carrefour-de-femmes.org\/ar\/wp-json\/wp\/v2\/types\/post"}],"author":[{"embeddable":true,"href":"https:\/\/www.carrefour-de-femmes.org\/ar\/wp-json\/wp\/v2\/users\/3"}],"replies":[{"embeddable":true,"href":"https:\/\/www.carrefour-de-femmes.org\/ar\/wp-json\/wp\/v2\/comments?post=1468"}],"version-history":[{"count":3,"href":"https:\/\/www.carrefour-de-femmes.org\/ar\/wp-json\/wp\/v2\/posts\/1468\/revisions"}],"predecessor-version":[{"id":1474,"href":"https:\/\/www.carrefour-de-femmes.org\/ar\/wp-json\/wp\/v2\/posts\/1468\/revisions\/1474"}],"wp:featuredmedia":[{"embeddable":true,"href":"https:\/\/www.carrefour-de-femmes.org\/ar\/wp-json\/wp\/v2\/media\/1460"}],"wp:attachment":[{"href":"https:\/\/www.carrefour-de-femmes.org\/ar\/wp-json\/wp\/v2\/media?parent=1468"}],"wp:term":[{"taxonomy":"category","embeddable":true,"href":"https:\/\/www.carrefour-de-femmes.org\/ar\/wp-json\/wp\/v2\/categories?post=1468"},{"taxonomy":"post_tag","embeddable":true,"href":"https:\/\/www.carrefour-de-femmes.org\/ar\/wp-json\/wp\/v2\/tags?post=1468"}],"curies":[{"name":"wp","href":"https:\/\/api.w.org\/{rel}","templated":true}]}}